{"id":86204,"date":"2026-07-17T20:26:53","date_gmt":"2026-07-17T18:26:53","guid":{"rendered":"https:\/\/steinmuehle.de\/blog\/2026\/07\/17\/steinmuehle-si-e-classificato-al-secondo-posto-al-concorso-indetto-dal-centro-aerospaziale-tedesco\/"},"modified":"2026-07-28T23:50:40","modified_gmt":"2026-07-28T21:50:40","slug":"steinmuehle-si-e-classificato-al-secondo-posto-al-concorso-indetto-dal-centro-aerospaziale-tedesco","status":"publish","type":"post","link":"https:\/\/steinmuehle.de\/it\/blog\/2026\/07\/17\/steinmuehle-si-e-classificato-al-secondo-posto-al-concorso-indetto-dal-centro-aerospaziale-tedesco\/","title":{"rendered":"Steinm\u00fchle si \u00e8 aggiudicato il secondo posto al concorso indetto dal Centro aerospaziale tedesco"},"content":{"rendered":"<p>\u00c8 davvero incredibile: Jan Konwerski e Lisa Schreier, studenti del penultimo anno del programma plus-MINT del collegio Steinm\u00fchle, hanno conquistato il secondo posto al concorso School-Lab del Centro tedesco per l\u2019aeronautica e l\u2019astronautica (DLR) con il loro modello di pompa di calore.<\/p>\n<p>\u201cSiamo davvero felici di questo grande successo\u201d, hanno commentato la responsabile del progetto, la dott.ssa Jutta T\u00f6hl-Borsdorf, che \u00e8 anche coordinatrice MINT presso la scuola e il collegio Steinm\u00fchle, l&#8217;amministratore delegato Dirk Konnertz e il preside Bj\u00f6rn Gemmer.<\/p>\n<p>Il termine \u201cpompa di calore\u201d \u00e8 sulla bocca di tutti, e la tecnologia stessa \u00e8 presente in molti edifici. Per quanto riguarda le percentuali, in Germania le pompe di calore coprono circa il 6% di tutte le abitazioni. Anche se sul mercato ci sono tanti dispositivi all\u2019avanguardia, alla luce di questi dati gli approcci innovativi dei giovani ricercatori e delle giovani ricercatrici continuano a essere fondamentali. Solo cos\u00ec si potr\u00e0 far progredire questo settore, sottolineare l\u2019importanza di questa tecnologia e portare avanti il tema nel futuro.   <\/p>\n<p>&nbsp;<\/p>\n<p><strong>Il compito: costruire modelli meccanici o virtuali<\/strong><\/p>\n<p><span data-subtree=\"aimfl,mfl\" data-copy-service-computed-style=\"font-family: Google Sans, Arial, sans-serif; font-size: 16px; font-weight: 400; margin: 0px; text-decoration: none; border-bottom: 0px rgb(10, 10, 10);\"><span data-subtree=\"aimfl,mfl\" data-copy-service-computed-style=\"font-family: Google Sans, Arial, sans-serif; font-size: 16px; font-weight: 400; margin: 0px; text-decoration: none; border-bottom: 0px rgb(10, 10, 10);\">Il Premio DLR School Lab 2026 era un concorso per studenti sul tema delle pompe di calore a impatto zero sul clima.<\/span><\/span><\/p>\n<div class=\"default-style\">Il tema era \u201cRidurre le emissioni di CO\u2082 con la pompa di calore\u201d.<\/div>\n<div class=\"default-style\">Il compito degli studenti era quello di spiegare il funzionamento di una pompa di calore basata sul ciclo di Brayton e di costruirne un modello.<\/div>\n<div class=\"default-style\">A questo scopo, le squadre delle classi dalla 6 alla 12 hanno realizzato modelli meccanici o virtuali.<\/div>\n<p>A nome del DLR, il dott. Thomas Fester, responsabile del progetto, ha invitato i due giovani ricercatori della Steinm\u00fchle alla cerimonia di premiazione presso la sede del DLR a Zittau. Da l\u00ec hanno potuto portare a casa tante nuove esperienze, numerose informazioni e un premio in denaro di 700 euro. <\/p>\n<p>Anche il DLR parla del premio DLR School Lab sul proprio sito web: <a href=\"https:\/\/www.dlr.de\/de\/schoollab\/aktuelles\/nachrichten\/2026\/wie-gelingt-eine-nachhaltige-energieversorgung-der-industrie\">https:\/\/www.dlr.de\/de\/schoollab\/aktuelles\/nachrichten\/2026\/wie-gelingt-eine-nachhaltige-energieversorgung-der-industrie<\/a>.<\/p>\n<p>&nbsp;<\/p>\n<p>Grazie al risultato ottenuto in questa prestigiosa competizione, la Steinm\u00fchle, che offre tra l\u2019altro percorsi sportivi incentrati sul canottaggio e l\u2019equitazione, conferma la sua ottima reputazione come collegio \u201cplus-MINT\u201d.<\/p>\n<p><em>(Angela Heinemann)<\/em><\/p>\n<p>&nbsp;<\/p>\n<p><img loading=\"lazy\" decoding=\"async\" class=\"alignnone wp-image-86192 size-large\" src=\"https:\/\/steinmuehle.de\/wp-content\/uploads\/sites\/5\/2026\/07\/2026-06-24_14-04-35_DLR-Zittau-773x1030.jpeg\" alt=\"\" width=\"773\" height=\"1030\" srcset=\"https:\/\/steinmuehle.de\/wp-content\/uploads\/sites\/5\/2026\/07\/2026-06-24_14-04-35_DLR-Zittau-773x1030.jpeg 773w, https:\/\/steinmuehle.de\/wp-content\/uploads\/sites\/5\/2026\/07\/2026-06-24_14-04-35_DLR-Zittau-225x300.jpeg 225w, https:\/\/steinmuehle.de\/wp-content\/uploads\/sites\/5\/2026\/07\/2026-06-24_14-04-35_DLR-Zittau-768x1024.jpeg 768w, https:\/\/steinmuehle.de\/wp-content\/uploads\/sites\/5\/2026\/07\/2026-06-24_14-04-35_DLR-Zittau-529x705.jpeg 529w, https:\/\/steinmuehle.de\/wp-content\/uploads\/sites\/5\/2026\/07\/2026-06-24_14-04-35_DLR-Zittau-18x24.jpeg 18w, https:\/\/steinmuehle.de\/wp-content\/uploads\/sites\/5\/2026\/07\/2026-06-24_14-04-35_DLR-Zittau-27x36.jpeg 27w, https:\/\/steinmuehle.de\/wp-content\/uploads\/sites\/5\/2026\/07\/2026-06-24_14-04-35_DLR-Zittau-36x48.jpeg 36w, https:\/\/steinmuehle.de\/wp-content\/uploads\/sites\/5\/2026\/07\/2026-06-24_14-04-35_DLR-Zittau.jpeg 960w\" sizes=\"auto, (max-width: 773px) 100vw, 773px\" \/><img loading=\"lazy\" decoding=\"async\" class=\"alignnone wp-image-86191 size-large\" src=\"https:\/\/steinmuehle.de\/wp-content\/uploads\/sites\/5\/2026\/07\/2026-06-24_10-17-32d_DLR-Zittau-1030x579.jpeg\" alt=\"\" width=\"1030\" height=\"579\" srcset=\"https:\/\/steinmuehle.de\/wp-content\/uploads\/sites\/5\/2026\/07\/2026-06-24_10-17-32d_DLR-Zittau-1030x579.jpeg 1030w, https:\/\/steinmuehle.de\/wp-content\/uploads\/sites\/5\/2026\/07\/2026-06-24_10-17-32d_DLR-Zittau-300x169.jpeg 300w, https:\/\/steinmuehle.de\/wp-content\/uploads\/sites\/5\/2026\/07\/2026-06-24_10-17-32d_DLR-Zittau-768x432.jpeg 768w, https:\/\/steinmuehle.de\/wp-content\/uploads\/sites\/5\/2026\/07\/2026-06-24_10-17-32d_DLR-Zittau-705x397.jpeg 705w, https:\/\/steinmuehle.de\/wp-content\/uploads\/sites\/5\/2026\/07\/2026-06-24_10-17-32d_DLR-Zittau-24x14.jpeg 24w, https:\/\/steinmuehle.de\/wp-content\/uploads\/sites\/5\/2026\/07\/2026-06-24_10-17-32d_DLR-Zittau-36x20.jpeg 36w, https:\/\/steinmuehle.de\/wp-content\/uploads\/sites\/5\/2026\/07\/2026-06-24_10-17-32d_DLR-Zittau-48x27.jpeg 48w, https:\/\/steinmuehle.de\/wp-content\/uploads\/sites\/5\/2026\/07\/2026-06-24_10-17-32d_DLR-Zittau.jpeg 1280w\" sizes=\"auto, (max-width: 1030px) 100vw, 1030px\" \/><img loading=\"lazy\" decoding=\"async\" class=\"alignnone wp-image-86189 size-large\" src=\"https:\/\/steinmuehle.de\/wp-content\/uploads\/sites\/5\/2026\/07\/2026-06-24_14-05-31_DLR-Zittau-1030x773.jpeg\" alt=\"\" width=\"1030\" height=\"773\" srcset=\"https:\/\/steinmuehle.de\/wp-content\/uploads\/sites\/5\/2026\/07\/2026-06-24_14-05-31_DLR-Zittau-1030x773.jpeg 1030w, https:\/\/steinmuehle.de\/wp-content\/uploads\/sites\/5\/2026\/07\/2026-06-24_14-05-31_DLR-Zittau-300x225.jpeg 300w, https:\/\/steinmuehle.de\/wp-content\/uploads\/sites\/5\/2026\/07\/2026-06-24_14-05-31_DLR-Zittau-768x576.jpeg 768w, https:\/\/steinmuehle.de\/wp-content\/uploads\/sites\/5\/2026\/07\/2026-06-24_14-05-31_DLR-Zittau-705x529.jpeg 705w, https:\/\/steinmuehle.de\/wp-content\/uploads\/sites\/5\/2026\/07\/2026-06-24_14-05-31_DLR-Zittau-24x18.jpeg 24w, https:\/\/steinmuehle.de\/wp-content\/uploads\/sites\/5\/2026\/07\/2026-06-24_14-05-31_DLR-Zittau-36x27.jpeg 36w, https:\/\/steinmuehle.de\/wp-content\/uploads\/sites\/5\/2026\/07\/2026-06-24_14-05-31_DLR-Zittau-48x36.jpeg 48w, https:\/\/steinmuehle.de\/wp-content\/uploads\/sites\/5\/2026\/07\/2026-06-24_14-05-31_DLR-Zittau.jpeg 1280w\" sizes=\"auto, (max-width: 1030px) 100vw, 1030px\" \/><img loading=\"lazy\" decoding=\"async\" class=\"alignnone wp-image-86188 size-large\" src=\"https:\/\/steinmuehle.de\/wp-content\/uploads\/sites\/5\/2026\/07\/2026-06-24_16-15-51_DLR-Zittau-1030x773.jpeg\" alt=\"\" width=\"1030\" height=\"773\" srcset=\"https:\/\/steinmuehle.de\/wp-content\/uploads\/sites\/5\/2026\/07\/2026-06-24_16-15-51_DLR-Zittau-1030x773.jpeg 1030w, https:\/\/steinmuehle.de\/wp-content\/uploads\/sites\/5\/2026\/07\/2026-06-24_16-15-51_DLR-Zittau-300x225.jpeg 300w, https:\/\/steinmuehle.de\/wp-content\/uploads\/sites\/5\/2026\/07\/2026-06-24_16-15-51_DLR-Zittau-768x576.jpeg 768w, https:\/\/steinmuehle.de\/wp-content\/uploads\/sites\/5\/2026\/07\/2026-06-24_16-15-51_DLR-Zittau-705x529.jpeg 705w, https:\/\/steinmuehle.de\/wp-content\/uploads\/sites\/5\/2026\/07\/2026-06-24_16-15-51_DLR-Zittau-24x18.jpeg 24w, https:\/\/steinmuehle.de\/wp-content\/uploads\/sites\/5\/2026\/07\/2026-06-24_16-15-51_DLR-Zittau-36x27.jpeg 36w, https:\/\/steinmuehle.de\/wp-content\/uploads\/sites\/5\/2026\/07\/2026-06-24_16-15-51_DLR-Zittau-48x36.jpeg 48w, https:\/\/steinmuehle.de\/wp-content\/uploads\/sites\/5\/2026\/07\/2026-06-24_16-15-51_DLR-Zittau.jpeg 1280w\" sizes=\"auto, (max-width: 1030px) 100vw, 1030px\" \/><img loading=\"lazy\" decoding=\"async\" class=\"alignnone wp-image-86190 size-large\" src=\"https:\/\/steinmuehle.de\/wp-content\/uploads\/sites\/5\/2026\/07\/2026-06-11_10-59-57_Waermepumpenbau-DLR-Preis-e1784313013345.jpeg\" alt=\"\" width=\"1030\" height=\"665\" srcset=\"https:\/\/steinmuehle.de\/wp-content\/uploads\/sites\/5\/2026\/07\/2026-06-11_10-59-57_Waermepumpenbau-DLR-Preis-e1784313013345.jpeg 1280w, https:\/\/steinmuehle.de\/wp-content\/uploads\/sites\/5\/2026\/07\/2026-06-11_10-59-57_Waermepumpenbau-DLR-Preis-e1784313013345-300x194.jpeg 300w, https:\/\/steinmuehle.de\/wp-content\/uploads\/sites\/5\/2026\/07\/2026-06-11_10-59-57_Waermepumpenbau-DLR-Preis-e1784313013345-1030x665.jpeg 1030w, https:\/\/steinmuehle.de\/wp-content\/uploads\/sites\/5\/2026\/07\/2026-06-11_10-59-57_Waermepumpenbau-DLR-Preis-e1784313013345-768x496.jpeg 768w, https:\/\/steinmuehle.de\/wp-content\/uploads\/sites\/5\/2026\/07\/2026-06-11_10-59-57_Waermepumpenbau-DLR-Preis-e1784313013345-705x455.jpeg 705w, https:\/\/steinmuehle.de\/wp-content\/uploads\/sites\/5\/2026\/07\/2026-06-11_10-59-57_Waermepumpenbau-DLR-Preis-e1784313013345-24x15.jpeg 24w, https:\/\/steinmuehle.de\/wp-content\/uploads\/sites\/5\/2026\/07\/2026-06-11_10-59-57_Waermepumpenbau-DLR-Preis-e1784313013345-36x23.jpeg 36w, https:\/\/steinmuehle.de\/wp-content\/uploads\/sites\/5\/2026\/07\/2026-06-11_10-59-57_Waermepumpenbau-DLR-Preis-e1784313013345-48x31.jpeg 48w\" sizes=\"auto, (max-width: 1030px) 100vw, 1030px\" \/><\/p>\n<div class=\"io-ox-signature\">\n<div class=\"default-style\"><\/div>\n<\/div>\n","protected":false},"excerpt":{"rendered":"<p>\u00c8 davvero incredibile: Jan Konwerski e Lisa Schreier, studenti del penultimo anno del programma plus-MINT del collegio Steinm\u00fchle, hanno conquistato il secondo posto al concorso School-Lab del Centro tedesco per l\u2019aeronautica e l\u2019astronautica (DLR) con il loro modello di pompa di calore. \u201cSiamo davvero felici di questo grande successo\u201d, hanno commentato la responsabile del progetto, [&hellip;]<\/p>\n","protected":false},"author":22,"featured_media":86209,"comment_status":"closed","ping_status":"open","sticky":false,"template":"","format":"standard","meta":{"_acf_changed":false,"footnotes":""},"categories":[155,202,151,156],"tags":[],"class_list":["post-86204","post","type-post","status-publish","format-standard","has-post-thumbnail","hentry","category-concorsi-e-premi","category-mint","category-notizie","category-promozione-dei-talenti"],"acf":[],"yoast_head":"<!-- This site is optimized with the Yoast SEO Premium plugin v28.1 (Yoast SEO v28.3) - https:\/\/yoast.com\/product\/yoast-seo-premium-wordpress\/ -->\n<title>Steinm\u00fchle si \u00e8 aggiudicato il secondo posto al concorso indetto dal Centro aerospaziale tedesco - Steinm\u00fchle \u2013 Schule &amp; Internat<\/title>\n<meta name=\"robots\" content=\"index, follow, max-snippet:-1, max-image-preview:large, max-video-preview:-1\" \/>\n<link rel=\"canonical\" href=\"https:\/\/steinmuehle.de\/it\/blog\/2026\/07\/17\/steinmuehle-si-e-classificato-al-secondo-posto-al-concorso-indetto-dal-centro-aerospaziale-tedesco\/\" \/>\n<meta property=\"og:locale\" content=\"it_IT\" \/>\n<meta property=\"og:type\" content=\"article\" \/>\n<meta property=\"og:title\" content=\"Steinm\u00fchle si \u00e8 aggiudicato il secondo posto al concorso indetto dal Centro aerospaziale tedesco\" \/>\n<meta property=\"og:description\" content=\"\u00c8 davvero incredibile: Jan Konwerski e Lisa Schreier, studenti del penultimo anno del programma plus-MINT del collegio Steinm\u00fchle, hanno conquistato il secondo posto al concorso School-Lab del Centro tedesco per l\u2019aeronautica e l\u2019astronautica (DLR) con il loro modello di pompa di calore. \u201cSiamo davvero felici di questo grande successo\u201d, hanno commentato la responsabile del progetto, [&hellip;]\" \/>\n<meta property=\"og:url\" content=\"https:\/\/steinmuehle.de\/it\/blog\/2026\/07\/17\/steinmuehle-si-e-classificato-al-secondo-posto-al-concorso-indetto-dal-centro-aerospaziale-tedesco\/\" \/>\n<meta property=\"og:site_name\" content=\"Steinm\u00fchle \u2013 Schule &amp; Internat\" \/>\n<meta property=\"article:publisher\" content=\"https:\/\/www.facebook.com\/steinmuehle\/\" \/>\n<meta property=\"article:published_time\" content=\"2026-07-17T18:26:53+00:00\" \/>\n<meta property=\"article:modified_time\" content=\"2026-07-28T21:50:40+00:00\" \/>\n<meta property=\"og:image\" content=\"https:\/\/steinmuehle.de\/wp-content\/uploads\/sites\/5\/2026\/07\/2026-06-11_10-59-57_Waermepumpenbau-DLR-Preis-e1784313013345.jpeg\" \/>\n\t<meta property=\"og:image:width\" content=\"1280\" \/>\n\t<meta property=\"og:image:height\" content=\"960\" \/>\n\t<meta property=\"og:image:type\" content=\"image\/jpeg\" \/>\n<meta name=\"author\" content=\"Angela\" \/>\n<meta name=\"twitter:card\" content=\"summary_large_image\" \/>\n<meta name=\"twitter:label1\" content=\"Scritto da\" \/>\n\t<meta name=\"twitter:data1\" content=\"Angela\" \/>\n\t<meta name=\"twitter:label2\" content=\"Tempo di lettura stimato\" \/>\n\t<meta name=\"twitter:data2\" content=\"2 minuti\" \/>\n<script type=\"application\/ld+json\" class=\"yoast-schema-graph\">{\"@context\":\"https:\\\/\\\/schema.org\",\"@graph\":[{\"@type\":\"Article\",\"@id\":\"https:\\\/\\\/steinmuehle.de\\\/it\\\/blog\\\/2026\\\/07\\\/17\\\/steinmuehle-si-e-classificato-al-secondo-posto-al-concorso-indetto-dal-centro-aerospaziale-tedesco\\\/#article\",\"isPartOf\":{\"@id\":\"https:\\\/\\\/steinmuehle.de\\\/it\\\/blog\\\/2026\\\/07\\\/17\\\/steinmuehle-si-e-classificato-al-secondo-posto-al-concorso-indetto-dal-centro-aerospaziale-tedesco\\\/\"},\"author\":{\"name\":\"Angela\",\"@id\":\"https:\\\/\\\/steinmuehle.de\\\/it\\\/#\\\/schema\\\/person\\\/16dc40a7fc9b759e1279be97ac570529\"},\"headline\":\"Steinm\u00fchle si \u00e8 aggiudicato il secondo posto al concorso indetto dal Centro aerospaziale tedesco\",\"datePublished\":\"2026-07-17T18:26:53+00:00\",\"dateModified\":\"2026-07-28T21:50:40+00:00\",\"mainEntityOfPage\":{\"@id\":\"https:\\\/\\\/steinmuehle.de\\\/it\\\/blog\\\/2026\\\/07\\\/17\\\/steinmuehle-si-e-classificato-al-secondo-posto-al-concorso-indetto-dal-centro-aerospaziale-tedesco\\\/\"},\"wordCount\":375,\"publisher\":{\"@id\":\"https:\\\/\\\/steinmuehle.de\\\/it\\\/#organization\"},\"image\":{\"@id\":\"https:\\\/\\\/steinmuehle.de\\\/it\\\/blog\\\/2026\\\/07\\\/17\\\/steinmuehle-si-e-classificato-al-secondo-posto-al-concorso-indetto-dal-centro-aerospaziale-tedesco\\\/#primaryimage\"},\"thumbnailUrl\":\"https:\\\/\\\/steinmuehle.de\\\/wp-content\\\/uploads\\\/sites\\\/5\\\/2026\\\/07\\\/2026-06-11_10-59-57_Waermepumpenbau-DLR-Preis-e1784313013345.jpeg\",\"articleSection\":[\"Concorsi e premi\",\"MINT\",\"Notizie\",\"Promozione dei talenti\"],\"inLanguage\":\"it-IT\"},{\"@type\":\"WebPage\",\"@id\":\"https:\\\/\\\/steinmuehle.de\\\/it\\\/blog\\\/2026\\\/07\\\/17\\\/steinmuehle-si-e-classificato-al-secondo-posto-al-concorso-indetto-dal-centro-aerospaziale-tedesco\\\/\",\"url\":\"https:\\\/\\\/steinmuehle.de\\\/it\\\/blog\\\/2026\\\/07\\\/17\\\/steinmuehle-si-e-classificato-al-secondo-posto-al-concorso-indetto-dal-centro-aerospaziale-tedesco\\\/\",\"name\":\"Steinm\u00fchle si \u00e8 aggiudicato il secondo posto al concorso indetto dal Centro aerospaziale tedesco - Steinm\u00fchle \u2013 Schule &amp; Internat\",\"isPartOf\":{\"@id\":\"https:\\\/\\\/steinmuehle.de\\\/it\\\/#website\"},\"primaryImageOfPage\":{\"@id\":\"https:\\\/\\\/steinmuehle.de\\\/it\\\/blog\\\/2026\\\/07\\\/17\\\/steinmuehle-si-e-classificato-al-secondo-posto-al-concorso-indetto-dal-centro-aerospaziale-tedesco\\\/#primaryimage\"},\"image\":{\"@id\":\"https:\\\/\\\/steinmuehle.de\\\/it\\\/blog\\\/2026\\\/07\\\/17\\\/steinmuehle-si-e-classificato-al-secondo-posto-al-concorso-indetto-dal-centro-aerospaziale-tedesco\\\/#primaryimage\"},\"thumbnailUrl\":\"https:\\\/\\\/steinmuehle.de\\\/wp-content\\\/uploads\\\/sites\\\/5\\\/2026\\\/07\\\/2026-06-11_10-59-57_Waermepumpenbau-DLR-Preis-e1784313013345.jpeg\",\"datePublished\":\"2026-07-17T18:26:53+00:00\",\"dateModified\":\"2026-07-28T21:50:40+00:00\",\"breadcrumb\":{\"@id\":\"https:\\\/\\\/steinmuehle.de\\\/it\\\/blog\\\/2026\\\/07\\\/17\\\/steinmuehle-si-e-classificato-al-secondo-posto-al-concorso-indetto-dal-centro-aerospaziale-tedesco\\\/#breadcrumb\"},\"inLanguage\":\"it-IT\",\"potentialAction\":[{\"@type\":\"ReadAction\",\"target\":[\"https:\\\/\\\/steinmuehle.de\\\/it\\\/blog\\\/2026\\\/07\\\/17\\\/steinmuehle-si-e-classificato-al-secondo-posto-al-concorso-indetto-dal-centro-aerospaziale-tedesco\\\/\"]}]},{\"@type\":\"ImageObject\",\"inLanguage\":\"it-IT\",\"@id\":\"https:\\\/\\\/steinmuehle.de\\\/it\\\/blog\\\/2026\\\/07\\\/17\\\/steinmuehle-si-e-classificato-al-secondo-posto-al-concorso-indetto-dal-centro-aerospaziale-tedesco\\\/#primaryimage\",\"url\":\"https:\\\/\\\/steinmuehle.de\\\/wp-content\\\/uploads\\\/sites\\\/5\\\/2026\\\/07\\\/2026-06-11_10-59-57_Waermepumpenbau-DLR-Preis-e1784313013345.jpeg\",\"contentUrl\":\"https:\\\/\\\/steinmuehle.de\\\/wp-content\\\/uploads\\\/sites\\\/5\\\/2026\\\/07\\\/2026-06-11_10-59-57_Waermepumpenbau-DLR-Preis-e1784313013345.jpeg\",\"width\":1280,\"height\":960},{\"@type\":\"BreadcrumbList\",\"@id\":\"https:\\\/\\\/steinmuehle.de\\\/it\\\/blog\\\/2026\\\/07\\\/17\\\/steinmuehle-si-e-classificato-al-secondo-posto-al-concorso-indetto-dal-centro-aerospaziale-tedesco\\\/#breadcrumb\",\"itemListElement\":[{\"@type\":\"ListItem\",\"position\":1,\"name\":\"Inizia\",\"item\":\"https:\\\/\\\/steinmuehle.de\\\/it\\\/home\\\/\"},{\"@type\":\"ListItem\",\"position\":2,\"name\":\"Steinm\u00fchle si \u00e8 aggiudicato il secondo posto al concorso indetto dal Centro aerospaziale tedesco\"}]},{\"@type\":\"WebSite\",\"@id\":\"https:\\\/\\\/steinmuehle.de\\\/it\\\/#website\",\"url\":\"https:\\\/\\\/steinmuehle.de\\\/it\\\/\",\"name\":\"Steinm\u00fchle \u2013 Schule & Internat\",\"description\":\"\",\"publisher\":{\"@id\":\"https:\\\/\\\/steinmuehle.de\\\/it\\\/#organization\"},\"potentialAction\":[{\"@type\":\"SearchAction\",\"target\":{\"@type\":\"EntryPoint\",\"urlTemplate\":\"https:\\\/\\\/steinmuehle.de\\\/it\\\/?s={search_term_string}\"},\"query-input\":{\"@type\":\"PropertyValueSpecification\",\"valueRequired\":true,\"valueName\":\"search_term_string\"}}],\"inLanguage\":\"it-IT\"},{\"@type\":\"Organization\",\"@id\":\"https:\\\/\\\/steinmuehle.de\\\/it\\\/#organization\",\"name\":\"Steinm\u00fchle \u2013 Schule & Internat\",\"url\":\"https:\\\/\\\/steinmuehle.de\\\/it\\\/\",\"logo\":{\"@type\":\"ImageObject\",\"inLanguage\":\"it-IT\",\"@id\":\"https:\\\/\\\/steinmuehle.de\\\/it\\\/#\\\/schema\\\/logo\\\/image\\\/\",\"url\":\"https:\\\/\\\/steinmuehle.de\\\/wp-content\\\/uploads\\\/sites\\\/5\\\/2025\\\/11\\\/Logo_SchuleInternat_Steinmuehle_2026_3.png\",\"contentUrl\":\"https:\\\/\\\/steinmuehle.de\\\/wp-content\\\/uploads\\\/sites\\\/5\\\/2025\\\/11\\\/Logo_SchuleInternat_Steinmuehle_2026_3.png\",\"width\":450,\"height\":165,\"caption\":\"Steinm\u00fchle \u2013 Schule & Internat\"},\"image\":{\"@id\":\"https:\\\/\\\/steinmuehle.de\\\/it\\\/#\\\/schema\\\/logo\\\/image\\\/\"},\"sameAs\":[\"https:\\\/\\\/www.facebook.com\\\/steinmuehle\\\/\",\"https:\\\/\\\/www.instagram.com\\\/steinmuehle\\\/\",\"https:\\\/\\\/www.linkedin.com\\\/school\\\/steinmuehle\\\/\"]},{\"@type\":\"Person\",\"@id\":\"https:\\\/\\\/steinmuehle.de\\\/it\\\/#\\\/schema\\\/person\\\/16dc40a7fc9b759e1279be97ac570529\",\"name\":\"Angela\",\"image\":{\"@type\":\"ImageObject\",\"inLanguage\":\"it-IT\",\"@id\":\"https:\\\/\\\/steinmuehle.de\\\/wp-content\\\/uploads\\\/sites\\\/5\\\/avatars\\\/22\\\/1781881488-bpfull.jpg\",\"url\":\"https:\\\/\\\/steinmuehle.de\\\/wp-content\\\/uploads\\\/sites\\\/5\\\/avatars\\\/22\\\/1781881488-bpfull.jpg\",\"contentUrl\":\"https:\\\/\\\/steinmuehle.de\\\/wp-content\\\/uploads\\\/sites\\\/5\\\/avatars\\\/22\\\/1781881488-bpfull.jpg\",\"caption\":\"Angela\"},\"url\":\"https:\\\/\\\/steinmuehle.de\\\/it\\\/blog\\\/author\\\/aheinemann\\\/\"}]}<\/script>\n<!-- \/ Yoast SEO Premium plugin. -->","yoast_head_json":{"title":"Steinm\u00fchle si \u00e8 aggiudicato il secondo posto al concorso indetto dal Centro aerospaziale tedesco - Steinm\u00fchle \u2013 Schule &amp; Internat","robots":{"index":"index","follow":"follow","max-snippet":"max-snippet:-1","max-image-preview":"max-image-preview:large","max-video-preview":"max-video-preview:-1"},"canonical":"https:\/\/steinmuehle.de\/it\/blog\/2026\/07\/17\/steinmuehle-si-e-classificato-al-secondo-posto-al-concorso-indetto-dal-centro-aerospaziale-tedesco\/","og_locale":"it_IT","og_type":"article","og_title":"Steinm\u00fchle si \u00e8 aggiudicato il secondo posto al concorso indetto dal Centro aerospaziale tedesco","og_description":"\u00c8 davvero incredibile: Jan Konwerski e Lisa Schreier, studenti del penultimo anno del programma plus-MINT del collegio Steinm\u00fchle, hanno conquistato il secondo posto al concorso School-Lab del Centro tedesco per l\u2019aeronautica e l\u2019astronautica (DLR) con il loro modello di pompa di calore. \u201cSiamo davvero felici di questo grande successo\u201d, hanno commentato la responsabile del progetto, [&hellip;]","og_url":"https:\/\/steinmuehle.de\/it\/blog\/2026\/07\/17\/steinmuehle-si-e-classificato-al-secondo-posto-al-concorso-indetto-dal-centro-aerospaziale-tedesco\/","og_site_name":"Steinm\u00fchle \u2013 Schule &amp; Internat","article_publisher":"https:\/\/www.facebook.com\/steinmuehle\/","article_published_time":"2026-07-17T18:26:53+00:00","article_modified_time":"2026-07-28T21:50:40+00:00","og_image":[{"width":1280,"height":960,"url":"https:\/\/steinmuehle.de\/wp-content\/uploads\/sites\/5\/2026\/07\/2026-06-11_10-59-57_Waermepumpenbau-DLR-Preis-e1784313013345.jpeg","type":"image\/jpeg"}],"author":"Angela","twitter_card":"summary_large_image","twitter_misc":{"Scritto da":"Angela","Tempo di lettura stimato":"2 minuti"},"schema":{"@context":"https:\/\/schema.org","@graph":[{"@type":"Article","@id":"https:\/\/steinmuehle.de\/it\/blog\/2026\/07\/17\/steinmuehle-si-e-classificato-al-secondo-posto-al-concorso-indetto-dal-centro-aerospaziale-tedesco\/#article","isPartOf":{"@id":"https:\/\/steinmuehle.de\/it\/blog\/2026\/07\/17\/steinmuehle-si-e-classificato-al-secondo-posto-al-concorso-indetto-dal-centro-aerospaziale-tedesco\/"},"author":{"name":"Angela","@id":"https:\/\/steinmuehle.de\/it\/#\/schema\/person\/16dc40a7fc9b759e1279be97ac570529"},"headline":"Steinm\u00fchle si \u00e8 aggiudicato il secondo posto al concorso indetto dal Centro aerospaziale tedesco","datePublished":"2026-07-17T18:26:53+00:00","dateModified":"2026-07-28T21:50:40+00:00","mainEntityOfPage":{"@id":"https:\/\/steinmuehle.de\/it\/blog\/2026\/07\/17\/steinmuehle-si-e-classificato-al-secondo-posto-al-concorso-indetto-dal-centro-aerospaziale-tedesco\/"},"wordCount":375,"publisher":{"@id":"https:\/\/steinmuehle.de\/it\/#organization"},"image":{"@id":"https:\/\/steinmuehle.de\/it\/blog\/2026\/07\/17\/steinmuehle-si-e-classificato-al-secondo-posto-al-concorso-indetto-dal-centro-aerospaziale-tedesco\/#primaryimage"},"thumbnailUrl":"https:\/\/steinmuehle.de\/wp-content\/uploads\/sites\/5\/2026\/07\/2026-06-11_10-59-57_Waermepumpenbau-DLR-Preis-e1784313013345.jpeg","articleSection":["Concorsi e premi","MINT","Notizie","Promozione dei talenti"],"inLanguage":"it-IT"},{"@type":"WebPage","@id":"https:\/\/steinmuehle.de\/it\/blog\/2026\/07\/17\/steinmuehle-si-e-classificato-al-secondo-posto-al-concorso-indetto-dal-centro-aerospaziale-tedesco\/","url":"https:\/\/steinmuehle.de\/it\/blog\/2026\/07\/17\/steinmuehle-si-e-classificato-al-secondo-posto-al-concorso-indetto-dal-centro-aerospaziale-tedesco\/","name":"Steinm\u00fchle si \u00e8 aggiudicato il secondo posto al concorso indetto dal Centro aerospaziale tedesco - Steinm\u00fchle \u2013 Schule &amp; Internat","isPartOf":{"@id":"https:\/\/steinmuehle.de\/it\/#website"},"primaryImageOfPage":{"@id":"https:\/\/steinmuehle.de\/it\/blog\/2026\/07\/17\/steinmuehle-si-e-classificato-al-secondo-posto-al-concorso-indetto-dal-centro-aerospaziale-tedesco\/#primaryimage"},"image":{"@id":"https:\/\/steinmuehle.de\/it\/blog\/2026\/07\/17\/steinmuehle-si-e-classificato-al-secondo-posto-al-concorso-indetto-dal-centro-aerospaziale-tedesco\/#primaryimage"},"thumbnailUrl":"https:\/\/steinmuehle.de\/wp-content\/uploads\/sites\/5\/2026\/07\/2026-06-11_10-59-57_Waermepumpenbau-DLR-Preis-e1784313013345.jpeg","datePublished":"2026-07-17T18:26:53+00:00","dateModified":"2026-07-28T21:50:40+00:00","breadcrumb":{"@id":"https:\/\/steinmuehle.de\/it\/blog\/2026\/07\/17\/steinmuehle-si-e-classificato-al-secondo-posto-al-concorso-indetto-dal-centro-aerospaziale-tedesco\/#breadcrumb"},"inLanguage":"it-IT","potentialAction":[{"@type":"ReadAction","target":["https:\/\/steinmuehle.de\/it\/blog\/2026\/07\/17\/steinmuehle-si-e-classificato-al-secondo-posto-al-concorso-indetto-dal-centro-aerospaziale-tedesco\/"]}]},{"@type":"ImageObject","inLanguage":"it-IT","@id":"https:\/\/steinmuehle.de\/it\/blog\/2026\/07\/17\/steinmuehle-si-e-classificato-al-secondo-posto-al-concorso-indetto-dal-centro-aerospaziale-tedesco\/#primaryimage","url":"https:\/\/steinmuehle.de\/wp-content\/uploads\/sites\/5\/2026\/07\/2026-06-11_10-59-57_Waermepumpenbau-DLR-Preis-e1784313013345.jpeg","contentUrl":"https:\/\/steinmuehle.de\/wp-content\/uploads\/sites\/5\/2026\/07\/2026-06-11_10-59-57_Waermepumpenbau-DLR-Preis-e1784313013345.jpeg","width":1280,"height":960},{"@type":"BreadcrumbList","@id":"https:\/\/steinmuehle.de\/it\/blog\/2026\/07\/17\/steinmuehle-si-e-classificato-al-secondo-posto-al-concorso-indetto-dal-centro-aerospaziale-tedesco\/#breadcrumb","itemListElement":[{"@type":"ListItem","position":1,"name":"Inizia","item":"https:\/\/steinmuehle.de\/it\/home\/"},{"@type":"ListItem","position":2,"name":"Steinm\u00fchle si \u00e8 aggiudicato il secondo posto al concorso indetto dal Centro aerospaziale tedesco"}]},{"@type":"WebSite","@id":"https:\/\/steinmuehle.de\/it\/#website","url":"https:\/\/steinmuehle.de\/it\/","name":"Steinm\u00fchle \u2013 Schule & Internat","description":"","publisher":{"@id":"https:\/\/steinmuehle.de\/it\/#organization"},"potentialAction":[{"@type":"SearchAction","target":{"@type":"EntryPoint","urlTemplate":"https:\/\/steinmuehle.de\/it\/?s={search_term_string}"},"query-input":{"@type":"PropertyValueSpecification","valueRequired":true,"valueName":"search_term_string"}}],"inLanguage":"it-IT"},{"@type":"Organization","@id":"https:\/\/steinmuehle.de\/it\/#organization","name":"Steinm\u00fchle \u2013 Schule & Internat","url":"https:\/\/steinmuehle.de\/it\/","logo":{"@type":"ImageObject","inLanguage":"it-IT","@id":"https:\/\/steinmuehle.de\/it\/#\/schema\/logo\/image\/","url":"https:\/\/steinmuehle.de\/wp-content\/uploads\/sites\/5\/2025\/11\/Logo_SchuleInternat_Steinmuehle_2026_3.png","contentUrl":"https:\/\/steinmuehle.de\/wp-content\/uploads\/sites\/5\/2025\/11\/Logo_SchuleInternat_Steinmuehle_2026_3.png","width":450,"height":165,"caption":"Steinm\u00fchle \u2013 Schule & Internat"},"image":{"@id":"https:\/\/steinmuehle.de\/it\/#\/schema\/logo\/image\/"},"sameAs":["https:\/\/www.facebook.com\/steinmuehle\/","https:\/\/www.instagram.com\/steinmuehle\/","https:\/\/www.linkedin.com\/school\/steinmuehle\/"]},{"@type":"Person","@id":"https:\/\/steinmuehle.de\/it\/#\/schema\/person\/16dc40a7fc9b759e1279be97ac570529","name":"Angela","image":{"@type":"ImageObject","inLanguage":"it-IT","@id":"https:\/\/steinmuehle.de\/wp-content\/uploads\/sites\/5\/avatars\/22\/1781881488-bpfull.jpg","url":"https:\/\/steinmuehle.de\/wp-content\/uploads\/sites\/5\/avatars\/22\/1781881488-bpfull.jpg","contentUrl":"https:\/\/steinmuehle.de\/wp-content\/uploads\/sites\/5\/avatars\/22\/1781881488-bpfull.jpg","caption":"Angela"},"url":"https:\/\/steinmuehle.de\/it\/blog\/author\/aheinemann\/"}]}},"_links":{"self":[{"href":"https:\/\/steinmuehle.de\/it\/wp-json\/wp\/v2\/posts\/86204","targetHints":{"allow":["GET"]}}],"collection":[{"href":"https:\/\/steinmuehle.de\/it\/wp-json\/wp\/v2\/posts"}],"about":[{"href":"https:\/\/steinmuehle.de\/it\/wp-json\/wp\/v2\/types\/post"}],"author":[{"embeddable":true,"href":"https:\/\/steinmuehle.de\/it\/wp-json\/wp\/v2\/users\/22"}],"replies":[{"embeddable":true,"href":"https:\/\/steinmuehle.de\/it\/wp-json\/wp\/v2\/comments?post=86204"}],"version-history":[{"count":3,"href":"https:\/\/steinmuehle.de\/it\/wp-json\/wp\/v2\/posts\/86204\/revisions"}],"predecessor-version":[{"id":90000,"href":"https:\/\/steinmuehle.de\/it\/wp-json\/wp\/v2\/posts\/86204\/revisions\/90000"}],"wp:featuredmedia":[{"embeddable":true,"href":"https:\/\/steinmuehle.de\/it\/wp-json\/wp\/v2\/media\/86209"}],"wp:attachment":[{"href":"https:\/\/steinmuehle.de\/it\/wp-json\/wp\/v2\/media?parent=86204"}],"wp:term":[{"taxonomy":"category","embeddable":true,"href":"https:\/\/steinmuehle.de\/it\/wp-json\/wp\/v2\/categories?post=86204"},{"taxonomy":"post_tag","embeddable":true,"href":"https:\/\/steinmuehle.de\/it\/wp-json\/wp\/v2\/tags?post=86204"}],"curies":[{"name":"wp","href":"https:\/\/api.w.org\/{rel}","templated":true}]}}