{"id":72114,"date":"2024-06-16T13:36:10","date_gmt":"2024-06-16T11:36:10","guid":{"rendered":"https:\/\/test.steinmuehle.de\/blog\/2024\/06\/16\/dopo-il-soggiorno-in-tanzania-riflettere-sulle-proprie-esperienze\/"},"modified":"2024-06-16T13:36:10","modified_gmt":"2024-06-16T11:36:10","slug":"dopo-il-soggiorno-in-tanzania-riflettere-sulle-proprie-esperienze","status":"publish","type":"post","link":"https:\/\/steinmuehle.de\/it\/blog\/2024\/06\/16\/dopo-il-soggiorno-in-tanzania-riflettere-sulle-proprie-esperienze\/","title":{"rendered":"Dopo il soggiorno in Tanzania: riflettere sulle proprie esperienze"},"content":{"rendered":"<p><strong>Gli studenti della decima classe visitano, insieme alla prof Mar\u00eda Ramos, una mostra sulla citt\u00e0 gemellata con Marburg, Moshi  <\/strong><\/p>\n<p>Il 12 giugno, Mar\u00eda Ramos e gli studenti della Steinm\u00fchle, che all\u2019inizio dell\u2019anno hanno trascorso otto settimane in Tanzania, hanno visitato la mostra fotografica su Moshi alla galleria Haspelstra\u00dfe eins.<\/p>\n<p>Alla vista di quelle immagini familiari sono emerse emozioni che hanno suscitato commenti del tipo: \u00abRiconoscimento, familiarit\u00e0, nostalgia\u2026 questa \u00e8 proprio la Tanzania\u00bb. La visita alle opere esposte ha offerto l\u2019occasione per riflettere sulle proprie esperienze. <\/p>\n<p>Gli studenti raccontano dei progetti a cui hanno partecipato alla One World School Kilimanjaro. L\u00ec, nella scuola gemellata con la Steinm\u00fchle, hanno trascorso quel periodo. Ora sono dei veri esperti di storia tedesco-tanzaniana, con particolare attenzione alla colonizzazione.  <\/p>\n<p>Ogni progetto dovrebbe concludersi con un prodotto creativo. Che si tratti di teschi in argilla o di maschere africane, riproduzioni di fossili \u2013 tutto dovrebbe essere fonte di ispirazione per altre scuole, per il pubblico e gli ascoltatori tanzaniani di queste presentazioni, ma anche per i politici tedeschi come, ad esempio, la viceministra degli Esteri Katja Keul, che proprio in questi giorni era in visita ufficiale in Tanzania. <\/p>\n<p>In occasione della mostra, durante un momento di riflessione, gli studenti hanno raccontato cosa hanno portato con s\u00e9 dalla Tanzania nella loro \u201cvaligia\u201d al ritorno in Germania:<\/p>\n<p><em>\u00abSi impara a essere grati, anche se l\u2019esperienza \u00e8 stata bella\u00bb<\/em><\/p>\n<p><em>\u00abHo scoperto qualcosa di nuovo su me stesso, ovvero quanto sono capace di adattarmi\u00bb<\/em><\/p>\n<p><em>\u00abOra ho un\u2019immagine realistica dell\u2019Africa, che non viene trasmessa dai media\u00bb<\/em><\/p>\n<p><em>\u00abAbbiamo troppe cose, gli oggetti materiali non sono poi cos\u00ec importanti\u00bb<\/em><\/p>\n<p><em>\u00abTrascorrere la giornata senza media non \u00e8 stato male, anzi, abbiamo chiacchierato tantissimo tra di noi\u00bb<\/em><\/p>\n<p><em>\u00ab\u00c8 stato un cambiamento, una sfida, ma ne \u00e8 valsa la pena\u00bb<\/em><\/p>\n<p>Queste sono state le parole dei nostri partecipanti, che grazie a questa esperienza sono tutti cresciuti un po\u2019.<\/p>\n<p>Non vediamo l\u2019ora di accogliere nuove generazioni di studenti che vogliano vivere anche loro questa esperienza, per tornare a casa con \u201cle valigie piene\u201d. I futuri studenti del decimo anno interessati a un soggiorno in Tanzania possono rivolgersi a Mar\u00eda Ramos o al preside Bj\u00f6rn Gemmer. <\/p>\n<p>(<em>Mar\u00eda Ramos)<\/em><\/p>\n<p><a href=\"https:\/\/steinmuehle.de\/wp-content\/uploads\/sites\/5\/2024\/06\/IMG_1078-scaled-1-scaled.jpg\"><img loading=\"lazy\" decoding=\"async\" class=\"alignnone size-full wp-image-32311\" src=\"https:\/\/steinmuehle.de\/wp-content\/uploads\/sites\/5\/2024\/06\/IMG_1078-scaled-1-scaled.jpg\" alt=\"\" width=\"2560\" height=\"1920\" srcset=\"https:\/\/steinmuehle.de\/wp-content\/uploads\/sites\/5\/2024\/06\/IMG_1078-scaled-1-scaled.jpg 1500w, https:\/\/steinmuehle.de\/wp-content\/uploads\/sites\/5\/2024\/06\/IMG_1078-scaled-1-300x225.jpg 300w, https:\/\/steinmuehle.de\/wp-content\/uploads\/sites\/5\/2024\/06\/IMG_1078-scaled-1-1030x773.jpg 1030w, https:\/\/steinmuehle.de\/wp-content\/uploads\/sites\/5\/2024\/06\/IMG_1078-scaled-1-768x576.jpg 768w, https:\/\/steinmuehle.de\/wp-content\/uploads\/sites\/5\/2024\/06\/IMG_1078-scaled-1-1536x1152.jpg 1536w, https:\/\/steinmuehle.de\/wp-content\/uploads\/sites\/5\/2024\/06\/IMG_1078-scaled-1-2048x1536.jpg 2048w, https:\/\/steinmuehle.de\/wp-content\/uploads\/sites\/5\/2024\/06\/IMG_1078-scaled-1-705x529.jpg 705w, https:\/\/steinmuehle.de\/wp-content\/uploads\/sites\/5\/2024\/06\/IMG_1078-scaled-1-24x18.jpg 24w, https:\/\/steinmuehle.de\/wp-content\/uploads\/sites\/5\/2024\/06\/IMG_1078-scaled-1-36x27.jpg 36w, https:\/\/steinmuehle.de\/wp-content\/uploads\/sites\/5\/2024\/06\/IMG_1078-scaled-1-48x36.jpg 48w\" sizes=\"auto, (max-width: 2560px) 100vw, 2560px\" \/><\/a><\/p>\n","protected":false},"excerpt":{"rendered":"<p>Gli studenti della decima classe visitano, insieme alla prof Mar\u00eda Ramos, una mostra sulla citt\u00e0 gemellata con Marburg, Moshi Il 12 giugno, Mar\u00eda Ramos e gli studenti della Steinm\u00fchle, che all\u2019inizio dell\u2019anno hanno trascorso otto settimane in Tanzania, hanno visitato la mostra fotografica su Moshi alla galleria Haspelstra\u00dfe eins. Alla vista di quelle immagini familiari [&hellip;]<\/p>\n","protected":false},"author":11,"featured_media":72116,"comment_status":"closed","ping_status":"closed","sticky":false,"template":"","format":"standard","meta":{"_acf_changed":false,"footnotes":""},"categories":[158,151,170],"tags":[],"class_list":["post-72114","post","type-post","status-publish","format-standard","has-post-thumbnail","hentry","category-collaborazioni-e-partnership","category-notizie","category-steinmuehle-in-viaggio"],"acf":[],"yoast_head":"<!-- This site is optimized with the Yoast SEO Premium plugin v28.1 (Yoast SEO v28.3) - https:\/\/yoast.com\/product\/yoast-seo-premium-wordpress\/ -->\n<title>Dopo il soggiorno in Tanzania: riflettere sulle proprie esperienze - Steinm\u00fchle \u2013 Schule &amp; Internat<\/title>\n<meta name=\"robots\" content=\"index, follow, max-snippet:-1, max-image-preview:large, max-video-preview:-1\" \/>\n<link rel=\"canonical\" href=\"https:\/\/steinmuehle.de\/it\/blog\/2024\/06\/16\/dopo-il-soggiorno-in-tanzania-riflettere-sulle-proprie-esperienze\/\" \/>\n<meta property=\"og:locale\" content=\"it_IT\" \/>\n<meta property=\"og:type\" content=\"article\" \/>\n<meta property=\"og:title\" content=\"Dopo il soggiorno in Tanzania: riflettere sulle proprie esperienze\" \/>\n<meta property=\"og:description\" content=\"Gli studenti della decima classe visitano, insieme alla prof Mar\u00eda Ramos, una mostra sulla citt\u00e0 gemellata con Marburg, Moshi Il 12 giugno, Mar\u00eda Ramos e gli studenti della Steinm\u00fchle, che all\u2019inizio dell\u2019anno hanno trascorso otto settimane in Tanzania, hanno visitato la mostra fotografica su Moshi alla galleria Haspelstra\u00dfe eins. Alla vista di quelle immagini familiari [&hellip;]\" \/>\n<meta property=\"og:url\" content=\"https:\/\/steinmuehle.de\/it\/blog\/2024\/06\/16\/dopo-il-soggiorno-in-tanzania-riflettere-sulle-proprie-esperienze\/\" \/>\n<meta property=\"og:site_name\" content=\"Steinm\u00fchle \u2013 Schule &amp; Internat\" \/>\n<meta property=\"article:publisher\" content=\"https:\/\/www.facebook.com\/steinmuehle\/\" \/>\n<meta property=\"article:published_time\" content=\"2024-06-16T11:36:10+00:00\" \/>\n<meta property=\"og:image\" content=\"https:\/\/steinmuehle.de\/wp-content\/uploads\/sites\/5\/2024\/06\/IMG_1078-scaled-1-scaled.jpg\" \/>\n\t<meta property=\"og:image:width\" content=\"1500\" \/>\n\t<meta property=\"og:image:height\" content=\"1125\" \/>\n\t<meta property=\"og:image:type\" content=\"image\/jpeg\" \/>\n<meta name=\"author\" content=\"konnertz\" \/>\n<meta name=\"twitter:card\" content=\"summary_large_image\" \/>\n<meta name=\"twitter:label1\" content=\"Scritto da\" \/>\n\t<meta name=\"twitter:data1\" content=\"konnertz\" \/>\n\t<meta name=\"twitter:label2\" content=\"Tempo di lettura stimato\" \/>\n\t<meta name=\"twitter:data2\" content=\"2 minuti\" \/>\n<script type=\"application\/ld+json\" class=\"yoast-schema-graph\">{\"@context\":\"https:\\\/\\\/schema.org\",\"@graph\":[{\"@type\":\"Article\",\"@id\":\"https:\\\/\\\/steinmuehle.de\\\/it\\\/blog\\\/2024\\\/06\\\/16\\\/dopo-il-soggiorno-in-tanzania-riflettere-sulle-proprie-esperienze\\\/#article\",\"isPartOf\":{\"@id\":\"https:\\\/\\\/steinmuehle.de\\\/it\\\/blog\\\/2024\\\/06\\\/16\\\/dopo-il-soggiorno-in-tanzania-riflettere-sulle-proprie-esperienze\\\/\"},\"author\":{\"name\":\"konnertz\",\"@id\":\"https:\\\/\\\/steinmuehle.de\\\/it\\\/#\\\/schema\\\/person\\\/dca0f63b42f55a60fc47b84082ef1177\"},\"headline\":\"Dopo il soggiorno in Tanzania: riflettere sulle proprie esperienze\",\"datePublished\":\"2024-06-16T11:36:10+00:00\",\"mainEntityOfPage\":{\"@id\":\"https:\\\/\\\/steinmuehle.de\\\/it\\\/blog\\\/2024\\\/06\\\/16\\\/dopo-il-soggiorno-in-tanzania-riflettere-sulle-proprie-esperienze\\\/\"},\"wordCount\":376,\"publisher\":{\"@id\":\"https:\\\/\\\/steinmuehle.de\\\/it\\\/#organization\"},\"image\":{\"@id\":\"https:\\\/\\\/steinmuehle.de\\\/it\\\/blog\\\/2024\\\/06\\\/16\\\/dopo-il-soggiorno-in-tanzania-riflettere-sulle-proprie-esperienze\\\/#primaryimage\"},\"thumbnailUrl\":\"https:\\\/\\\/steinmuehle.de\\\/wp-content\\\/uploads\\\/sites\\\/5\\\/2024\\\/06\\\/IMG_1078-scaled-1-scaled.jpg\",\"articleSection\":[\"Collaborazioni e partnership\",\"Notizie\",\"Steinm\u00fchle in viaggio\"],\"inLanguage\":\"it-IT\"},{\"@type\":\"WebPage\",\"@id\":\"https:\\\/\\\/steinmuehle.de\\\/it\\\/blog\\\/2024\\\/06\\\/16\\\/dopo-il-soggiorno-in-tanzania-riflettere-sulle-proprie-esperienze\\\/\",\"url\":\"https:\\\/\\\/steinmuehle.de\\\/it\\\/blog\\\/2024\\\/06\\\/16\\\/dopo-il-soggiorno-in-tanzania-riflettere-sulle-proprie-esperienze\\\/\",\"name\":\"Dopo il soggiorno in Tanzania: riflettere sulle proprie esperienze - Steinm\u00fchle \u2013 Schule &amp; Internat\",\"isPartOf\":{\"@id\":\"https:\\\/\\\/steinmuehle.de\\\/it\\\/#website\"},\"primaryImageOfPage\":{\"@id\":\"https:\\\/\\\/steinmuehle.de\\\/it\\\/blog\\\/2024\\\/06\\\/16\\\/dopo-il-soggiorno-in-tanzania-riflettere-sulle-proprie-esperienze\\\/#primaryimage\"},\"image\":{\"@id\":\"https:\\\/\\\/steinmuehle.de\\\/it\\\/blog\\\/2024\\\/06\\\/16\\\/dopo-il-soggiorno-in-tanzania-riflettere-sulle-proprie-esperienze\\\/#primaryimage\"},\"thumbnailUrl\":\"https:\\\/\\\/steinmuehle.de\\\/wp-content\\\/uploads\\\/sites\\\/5\\\/2024\\\/06\\\/IMG_1078-scaled-1-scaled.jpg\",\"datePublished\":\"2024-06-16T11:36:10+00:00\",\"breadcrumb\":{\"@id\":\"https:\\\/\\\/steinmuehle.de\\\/it\\\/blog\\\/2024\\\/06\\\/16\\\/dopo-il-soggiorno-in-tanzania-riflettere-sulle-proprie-esperienze\\\/#breadcrumb\"},\"inLanguage\":\"it-IT\",\"potentialAction\":[{\"@type\":\"ReadAction\",\"target\":[\"https:\\\/\\\/steinmuehle.de\\\/it\\\/blog\\\/2024\\\/06\\\/16\\\/dopo-il-soggiorno-in-tanzania-riflettere-sulle-proprie-esperienze\\\/\"]}]},{\"@type\":\"ImageObject\",\"inLanguage\":\"it-IT\",\"@id\":\"https:\\\/\\\/steinmuehle.de\\\/it\\\/blog\\\/2024\\\/06\\\/16\\\/dopo-il-soggiorno-in-tanzania-riflettere-sulle-proprie-esperienze\\\/#primaryimage\",\"url\":\"https:\\\/\\\/steinmuehle.de\\\/wp-content\\\/uploads\\\/sites\\\/5\\\/2024\\\/06\\\/IMG_1078-scaled-1-scaled.jpg\",\"contentUrl\":\"https:\\\/\\\/steinmuehle.de\\\/wp-content\\\/uploads\\\/sites\\\/5\\\/2024\\\/06\\\/IMG_1078-scaled-1-scaled.jpg\",\"width\":1500,\"height\":1125},{\"@type\":\"BreadcrumbList\",\"@id\":\"https:\\\/\\\/steinmuehle.de\\\/it\\\/blog\\\/2024\\\/06\\\/16\\\/dopo-il-soggiorno-in-tanzania-riflettere-sulle-proprie-esperienze\\\/#breadcrumb\",\"itemListElement\":[{\"@type\":\"ListItem\",\"position\":1,\"name\":\"Inizia\",\"item\":\"https:\\\/\\\/steinmuehle.de\\\/it\\\/home\\\/\"},{\"@type\":\"ListItem\",\"position\":2,\"name\":\"Dopo il soggiorno in Tanzania: riflettere sulle proprie esperienze\"}]},{\"@type\":\"WebSite\",\"@id\":\"https:\\\/\\\/steinmuehle.de\\\/it\\\/#website\",\"url\":\"https:\\\/\\\/steinmuehle.de\\\/it\\\/\",\"name\":\"Steinm\u00fchle \u2013 Schule & Internat\",\"description\":\"\",\"publisher\":{\"@id\":\"https:\\\/\\\/steinmuehle.de\\\/it\\\/#organization\"},\"potentialAction\":[{\"@type\":\"SearchAction\",\"target\":{\"@type\":\"EntryPoint\",\"urlTemplate\":\"https:\\\/\\\/steinmuehle.de\\\/it\\\/?s={search_term_string}\"},\"query-input\":{\"@type\":\"PropertyValueSpecification\",\"valueRequired\":true,\"valueName\":\"search_term_string\"}}],\"inLanguage\":\"it-IT\"},{\"@type\":\"Organization\",\"@id\":\"https:\\\/\\\/steinmuehle.de\\\/it\\\/#organization\",\"name\":\"Steinm\u00fchle \u2013 Schule & Internat\",\"url\":\"https:\\\/\\\/steinmuehle.de\\\/it\\\/\",\"logo\":{\"@type\":\"ImageObject\",\"inLanguage\":\"it-IT\",\"@id\":\"https:\\\/\\\/steinmuehle.de\\\/it\\\/#\\\/schema\\\/logo\\\/image\\\/\",\"url\":\"https:\\\/\\\/steinmuehle.de\\\/wp-content\\\/uploads\\\/sites\\\/5\\\/2025\\\/11\\\/Logo_SchuleInternat_Steinmuehle_2026_3.png\",\"contentUrl\":\"https:\\\/\\\/steinmuehle.de\\\/wp-content\\\/uploads\\\/sites\\\/5\\\/2025\\\/11\\\/Logo_SchuleInternat_Steinmuehle_2026_3.png\",\"width\":450,\"height\":165,\"caption\":\"Steinm\u00fchle \u2013 Schule & Internat\"},\"image\":{\"@id\":\"https:\\\/\\\/steinmuehle.de\\\/it\\\/#\\\/schema\\\/logo\\\/image\\\/\"},\"sameAs\":[\"https:\\\/\\\/www.facebook.com\\\/steinmuehle\\\/\",\"https:\\\/\\\/www.instagram.com\\\/steinmuehle\\\/\",\"https:\\\/\\\/www.linkedin.com\\\/school\\\/steinmuehle\\\/\"]},{\"@type\":\"Person\",\"@id\":\"https:\\\/\\\/steinmuehle.de\\\/it\\\/#\\\/schema\\\/person\\\/dca0f63b42f55a60fc47b84082ef1177\",\"name\":\"konnertz\",\"image\":{\"@type\":\"ImageObject\",\"inLanguage\":\"it-IT\",\"@id\":\"\\\/\\\/www.gravatar.com\\\/avatar\\\/b3083e3434f4e2c464a6d24113a38c24?s=96&#038;r=g&#038;d=mm\",\"url\":\"\\\/\\\/www.gravatar.com\\\/avatar\\\/b3083e3434f4e2c464a6d24113a38c24?s=96&#038;r=g&#038;d=mm\",\"contentUrl\":\"\\\/\\\/www.gravatar.com\\\/avatar\\\/b3083e3434f4e2c464a6d24113a38c24?s=96&#038;r=g&#038;d=mm\",\"caption\":\"konnertz\"},\"url\":\"https:\\\/\\\/steinmuehle.de\\\/it\\\/blog\\\/author\\\/konnertz\\\/\"}]}<\/script>\n<!-- \/ Yoast SEO Premium plugin. -->","yoast_head_json":{"title":"Dopo il soggiorno in Tanzania: riflettere sulle proprie esperienze - Steinm\u00fchle \u2013 Schule &amp; Internat","robots":{"index":"index","follow":"follow","max-snippet":"max-snippet:-1","max-image-preview":"max-image-preview:large","max-video-preview":"max-video-preview:-1"},"canonical":"https:\/\/steinmuehle.de\/it\/blog\/2024\/06\/16\/dopo-il-soggiorno-in-tanzania-riflettere-sulle-proprie-esperienze\/","og_locale":"it_IT","og_type":"article","og_title":"Dopo il soggiorno in Tanzania: riflettere sulle proprie esperienze","og_description":"Gli studenti della decima classe visitano, insieme alla prof Mar\u00eda Ramos, una mostra sulla citt\u00e0 gemellata con Marburg, Moshi Il 12 giugno, Mar\u00eda Ramos e gli studenti della Steinm\u00fchle, che all\u2019inizio dell\u2019anno hanno trascorso otto settimane in Tanzania, hanno visitato la mostra fotografica su Moshi alla galleria Haspelstra\u00dfe eins. Alla vista di quelle immagini familiari [&hellip;]","og_url":"https:\/\/steinmuehle.de\/it\/blog\/2024\/06\/16\/dopo-il-soggiorno-in-tanzania-riflettere-sulle-proprie-esperienze\/","og_site_name":"Steinm\u00fchle \u2013 Schule &amp; Internat","article_publisher":"https:\/\/www.facebook.com\/steinmuehle\/","article_published_time":"2024-06-16T11:36:10+00:00","og_image":[{"width":1500,"height":1125,"url":"https:\/\/steinmuehle.de\/wp-content\/uploads\/sites\/5\/2024\/06\/IMG_1078-scaled-1-scaled.jpg","type":"image\/jpeg"}],"author":"konnertz","twitter_card":"summary_large_image","twitter_misc":{"Scritto da":"konnertz","Tempo di lettura stimato":"2 minuti"},"schema":{"@context":"https:\/\/schema.org","@graph":[{"@type":"Article","@id":"https:\/\/steinmuehle.de\/it\/blog\/2024\/06\/16\/dopo-il-soggiorno-in-tanzania-riflettere-sulle-proprie-esperienze\/#article","isPartOf":{"@id":"https:\/\/steinmuehle.de\/it\/blog\/2024\/06\/16\/dopo-il-soggiorno-in-tanzania-riflettere-sulle-proprie-esperienze\/"},"author":{"name":"konnertz","@id":"https:\/\/steinmuehle.de\/it\/#\/schema\/person\/dca0f63b42f55a60fc47b84082ef1177"},"headline":"Dopo il soggiorno in Tanzania: riflettere sulle proprie esperienze","datePublished":"2024-06-16T11:36:10+00:00","mainEntityOfPage":{"@id":"https:\/\/steinmuehle.de\/it\/blog\/2024\/06\/16\/dopo-il-soggiorno-in-tanzania-riflettere-sulle-proprie-esperienze\/"},"wordCount":376,"publisher":{"@id":"https:\/\/steinmuehle.de\/it\/#organization"},"image":{"@id":"https:\/\/steinmuehle.de\/it\/blog\/2024\/06\/16\/dopo-il-soggiorno-in-tanzania-riflettere-sulle-proprie-esperienze\/#primaryimage"},"thumbnailUrl":"https:\/\/steinmuehle.de\/wp-content\/uploads\/sites\/5\/2024\/06\/IMG_1078-scaled-1-scaled.jpg","articleSection":["Collaborazioni e partnership","Notizie","Steinm\u00fchle in viaggio"],"inLanguage":"it-IT"},{"@type":"WebPage","@id":"https:\/\/steinmuehle.de\/it\/blog\/2024\/06\/16\/dopo-il-soggiorno-in-tanzania-riflettere-sulle-proprie-esperienze\/","url":"https:\/\/steinmuehle.de\/it\/blog\/2024\/06\/16\/dopo-il-soggiorno-in-tanzania-riflettere-sulle-proprie-esperienze\/","name":"Dopo il soggiorno in Tanzania: riflettere sulle proprie esperienze - Steinm\u00fchle \u2013 Schule &amp; Internat","isPartOf":{"@id":"https:\/\/steinmuehle.de\/it\/#website"},"primaryImageOfPage":{"@id":"https:\/\/steinmuehle.de\/it\/blog\/2024\/06\/16\/dopo-il-soggiorno-in-tanzania-riflettere-sulle-proprie-esperienze\/#primaryimage"},"image":{"@id":"https:\/\/steinmuehle.de\/it\/blog\/2024\/06\/16\/dopo-il-soggiorno-in-tanzania-riflettere-sulle-proprie-esperienze\/#primaryimage"},"thumbnailUrl":"https:\/\/steinmuehle.de\/wp-content\/uploads\/sites\/5\/2024\/06\/IMG_1078-scaled-1-scaled.jpg","datePublished":"2024-06-16T11:36:10+00:00","breadcrumb":{"@id":"https:\/\/steinmuehle.de\/it\/blog\/2024\/06\/16\/dopo-il-soggiorno-in-tanzania-riflettere-sulle-proprie-esperienze\/#breadcrumb"},"inLanguage":"it-IT","potentialAction":[{"@type":"ReadAction","target":["https:\/\/steinmuehle.de\/it\/blog\/2024\/06\/16\/dopo-il-soggiorno-in-tanzania-riflettere-sulle-proprie-esperienze\/"]}]},{"@type":"ImageObject","inLanguage":"it-IT","@id":"https:\/\/steinmuehle.de\/it\/blog\/2024\/06\/16\/dopo-il-soggiorno-in-tanzania-riflettere-sulle-proprie-esperienze\/#primaryimage","url":"https:\/\/steinmuehle.de\/wp-content\/uploads\/sites\/5\/2024\/06\/IMG_1078-scaled-1-scaled.jpg","contentUrl":"https:\/\/steinmuehle.de\/wp-content\/uploads\/sites\/5\/2024\/06\/IMG_1078-scaled-1-scaled.jpg","width":1500,"height":1125},{"@type":"BreadcrumbList","@id":"https:\/\/steinmuehle.de\/it\/blog\/2024\/06\/16\/dopo-il-soggiorno-in-tanzania-riflettere-sulle-proprie-esperienze\/#breadcrumb","itemListElement":[{"@type":"ListItem","position":1,"name":"Inizia","item":"https:\/\/steinmuehle.de\/it\/home\/"},{"@type":"ListItem","position":2,"name":"Dopo il soggiorno in Tanzania: riflettere sulle proprie esperienze"}]},{"@type":"WebSite","@id":"https:\/\/steinmuehle.de\/it\/#website","url":"https:\/\/steinmuehle.de\/it\/","name":"Steinm\u00fchle \u2013 Schule & Internat","description":"","publisher":{"@id":"https:\/\/steinmuehle.de\/it\/#organization"},"potentialAction":[{"@type":"SearchAction","target":{"@type":"EntryPoint","urlTemplate":"https:\/\/steinmuehle.de\/it\/?s={search_term_string}"},"query-input":{"@type":"PropertyValueSpecification","valueRequired":true,"valueName":"search_term_string"}}],"inLanguage":"it-IT"},{"@type":"Organization","@id":"https:\/\/steinmuehle.de\/it\/#organization","name":"Steinm\u00fchle \u2013 Schule & Internat","url":"https:\/\/steinmuehle.de\/it\/","logo":{"@type":"ImageObject","inLanguage":"it-IT","@id":"https:\/\/steinmuehle.de\/it\/#\/schema\/logo\/image\/","url":"https:\/\/steinmuehle.de\/wp-content\/uploads\/sites\/5\/2025\/11\/Logo_SchuleInternat_Steinmuehle_2026_3.png","contentUrl":"https:\/\/steinmuehle.de\/wp-content\/uploads\/sites\/5\/2025\/11\/Logo_SchuleInternat_Steinmuehle_2026_3.png","width":450,"height":165,"caption":"Steinm\u00fchle \u2013 Schule & Internat"},"image":{"@id":"https:\/\/steinmuehle.de\/it\/#\/schema\/logo\/image\/"},"sameAs":["https:\/\/www.facebook.com\/steinmuehle\/","https:\/\/www.instagram.com\/steinmuehle\/","https:\/\/www.linkedin.com\/school\/steinmuehle\/"]},{"@type":"Person","@id":"https:\/\/steinmuehle.de\/it\/#\/schema\/person\/dca0f63b42f55a60fc47b84082ef1177","name":"konnertz","image":{"@type":"ImageObject","inLanguage":"it-IT","@id":"\/\/www.gravatar.com\/avatar\/b3083e3434f4e2c464a6d24113a38c24?s=96&#038;r=g&#038;d=mm","url":"\/\/www.gravatar.com\/avatar\/b3083e3434f4e2c464a6d24113a38c24?s=96&#038;r=g&#038;d=mm","contentUrl":"\/\/www.gravatar.com\/avatar\/b3083e3434f4e2c464a6d24113a38c24?s=96&#038;r=g&#038;d=mm","caption":"konnertz"},"url":"https:\/\/steinmuehle.de\/it\/blog\/author\/konnertz\/"}]}},"_links":{"self":[{"href":"https:\/\/steinmuehle.de\/it\/wp-json\/wp\/v2\/posts\/72114","targetHints":{"allow":["GET"]}}],"collection":[{"href":"https:\/\/steinmuehle.de\/it\/wp-json\/wp\/v2\/posts"}],"about":[{"href":"https:\/\/steinmuehle.de\/it\/wp-json\/wp\/v2\/types\/post"}],"author":[{"embeddable":true,"href":"https:\/\/steinmuehle.de\/it\/wp-json\/wp\/v2\/users\/11"}],"replies":[{"embeddable":true,"href":"https:\/\/steinmuehle.de\/it\/wp-json\/wp\/v2\/comments?post=72114"}],"version-history":[{"count":0,"href":"https:\/\/steinmuehle.de\/it\/wp-json\/wp\/v2\/posts\/72114\/revisions"}],"wp:featuredmedia":[{"embeddable":true,"href":"https:\/\/steinmuehle.de\/it\/wp-json\/wp\/v2\/media\/72116"}],"wp:attachment":[{"href":"https:\/\/steinmuehle.de\/it\/wp-json\/wp\/v2\/media?parent=72114"}],"wp:term":[{"taxonomy":"category","embeddable":true,"href":"https:\/\/steinmuehle.de\/it\/wp-json\/wp\/v2\/categories?post=72114"},{"taxonomy":"post_tag","embeddable":true,"href":"https:\/\/steinmuehle.de\/it\/wp-json\/wp\/v2\/tags?post=72114"}],"curies":[{"name":"wp","href":"https:\/\/api.w.org\/{rel}","templated":true}]}}