{"id":57850,"date":"2018-03-19T13:33:35","date_gmt":"2018-03-19T12:33:35","guid":{"rendered":"https:\/\/test.steinmuehle.de\/blog\/2018\/03\/19\/nuovi-volti-nel-gruppo-dei-rappresentanti-degli-studenti\/"},"modified":"2018-03-19T13:33:35","modified_gmt":"2018-03-19T12:33:35","slug":"nuovi-volti-nel-gruppo-dei-rappresentanti-degli-studenti","status":"publish","type":"post","link":"https:\/\/steinmuehle.de\/it\/blog\/2018\/03\/19\/nuovi-volti-nel-gruppo-dei-rappresentanti-degli-studenti\/","title":{"rendered":"Nuovi volti nel gruppo dei rappresentanti degli studenti"},"content":{"rendered":"<p><span style=\"font-size: 9.0pt;font-family: 'Verdana',sans-serif\">C\u2019erano le elezioni del Consiglio Studentesco \u2013 ed ecco i risultati: la nuova squadra di rappresentanti \u00e8 composta da Bodam Lee e Carolin Mauersberger. La rappresentante delle classi superiori \u00e8 Janina Seip. Eren Pektas \u00e8 stato eletto rappresentante della scuola media. La squadra dei rappresentanti della scuola elementare \u00e8 formata da Joris Benavente e Jonah Schorm.<\/span><\/p>\n<p><span style=\"font-size: 9.0pt;font-family: 'Verdana',sans-serif\">I membri del consiglio plenario sono Piet Laufh\u00fctte (5a), Lina Martin (5a), Fynn D\u00f6rr (5b), Paula Hartmann (5c), Arwen Seifart (6a), Urs Seifart (8c), Fl\u00fbte Seifart (11b) e Christian Eifert (11d). La foto mostra (da sinistra) l\u2019insegnante di riferimento Jennifer Bernhart, Janina Seip, Carolin Mauersberger, Bodam Lee, Eren Pektas, Jonah Schorm, l\u2019insegnante di riferimento Dirk Lange e Joris Benavente.<\/span><\/p>\n<p><a href=\"https:\/\/steinmuehle.de\/wp-content\/uploads\/2018\/03\/IMG_6900a.jpg\"><img loading=\"lazy\" decoding=\"async\" class=\"alignnone size-full wp-image-10045\" src=\"https:\/\/steinmuehle.de\/wp-content\/uploads\/2018\/03\/IMG_6900a.jpg\" alt=\"\" width=\"2126\" height=\"1152\"><\/a><\/p>\n","protected":false},"excerpt":{"rendered":"<p>C\u2019erano le elezioni del Consiglio Studentesco \u2013 ed ecco i risultati: la nuova squadra di rappresentanti \u00e8 composta da Bodam Lee e Carolin Mauersberger. La rappresentante delle classi superiori \u00e8 Janina Seip. Eren Pektas \u00e8 stato eletto rappresentante della scuola media. La squadra dei rappresentanti della scuola elementare \u00e8 formata da Joris Benavente e Jonah [&hellip;]<\/p>\n","protected":false},"author":11,"featured_media":57852,"comment_status":"closed","ping_status":"closed","sticky":false,"template":"","format":"standard","meta":{"_acf_changed":false,"footnotes":""},"categories":[235,151],"tags":[],"class_list":["post-57850","post","type-post","status-publish","format-standard","has-post-thumbnail","hentry","category-archivio","category-notizie"],"acf":[],"yoast_head":"<!-- This site is optimized with the Yoast SEO Premium plugin v28.1 (Yoast SEO v28.3) - https:\/\/yoast.com\/product\/yoast-seo-premium-wordpress\/ -->\n<title>Nuovi volti nel gruppo dei rappresentanti degli studenti - Steinm\u00fchle \u2013 Schule &amp; Internat<\/title>\n<meta name=\"robots\" content=\"index, follow, max-snippet:-1, max-image-preview:large, max-video-preview:-1\" \/>\n<link rel=\"canonical\" href=\"https:\/\/steinmuehle.de\/it\/blog\/2018\/03\/19\/nuovi-volti-nel-gruppo-dei-rappresentanti-degli-studenti\/\" \/>\n<meta property=\"og:locale\" content=\"it_IT\" \/>\n<meta property=\"og:type\" content=\"article\" \/>\n<meta property=\"og:title\" content=\"Nuovi volti nel gruppo dei rappresentanti degli studenti\" \/>\n<meta property=\"og:description\" content=\"C\u2019erano le elezioni del Consiglio Studentesco \u2013 ed ecco i risultati: la nuova squadra di rappresentanti \u00e8 composta da Bodam Lee e Carolin Mauersberger. La rappresentante delle classi superiori \u00e8 Janina Seip. Eren Pektas \u00e8 stato eletto rappresentante della scuola media. La squadra dei rappresentanti della scuola elementare \u00e8 formata da Joris Benavente e Jonah [&hellip;]\" \/>\n<meta property=\"og:url\" content=\"https:\/\/steinmuehle.de\/it\/blog\/2018\/03\/19\/nuovi-volti-nel-gruppo-dei-rappresentanti-degli-studenti\/\" \/>\n<meta property=\"og:site_name\" content=\"Steinm\u00fchle \u2013 Schule &amp; Internat\" \/>\n<meta property=\"article:publisher\" content=\"https:\/\/www.facebook.com\/steinmuehle\/\" \/>\n<meta property=\"article:published_time\" content=\"2018-03-19T12:33:35+00:00\" \/>\n<meta property=\"og:image\" content=\"https:\/\/steinmuehle.de\/wp-content\/uploads\/sites\/5\/2018\/09\/Steinmuehle_Schuelervertretung-scaled.jpg\" \/>\n\t<meta property=\"og:image:width\" content=\"1500\" \/>\n\t<meta property=\"og:image:height\" content=\"813\" \/>\n\t<meta property=\"og:image:type\" content=\"image\/jpeg\" \/>\n<meta name=\"author\" content=\"konnertz\" \/>\n<meta name=\"twitter:card\" content=\"summary_large_image\" \/>\n<meta name=\"twitter:label1\" content=\"Scritto da\" \/>\n\t<meta name=\"twitter:data1\" content=\"konnertz\" \/>\n\t<meta name=\"twitter:label2\" content=\"Tempo di lettura stimato\" \/>\n\t<meta name=\"twitter:data2\" content=\"1 minuto\" \/>\n<script type=\"application\/ld+json\" class=\"yoast-schema-graph\">{\"@context\":\"https:\\\/\\\/schema.org\",\"@graph\":[{\"@type\":\"Article\",\"@id\":\"https:\\\/\\\/steinmuehle.de\\\/it\\\/blog\\\/2018\\\/03\\\/19\\\/nuovi-volti-nel-gruppo-dei-rappresentanti-degli-studenti\\\/#article\",\"isPartOf\":{\"@id\":\"https:\\\/\\\/steinmuehle.de\\\/it\\\/blog\\\/2018\\\/03\\\/19\\\/nuovi-volti-nel-gruppo-dei-rappresentanti-degli-studenti\\\/\"},\"author\":{\"name\":\"konnertz\",\"@id\":\"https:\\\/\\\/steinmuehle.de\\\/it\\\/#\\\/schema\\\/person\\\/dca0f63b42f55a60fc47b84082ef1177\"},\"headline\":\"Nuovi volti nel gruppo dei rappresentanti degli studenti\",\"datePublished\":\"2018-03-19T12:33:35+00:00\",\"mainEntityOfPage\":{\"@id\":\"https:\\\/\\\/steinmuehle.de\\\/it\\\/blog\\\/2018\\\/03\\\/19\\\/nuovi-volti-nel-gruppo-dei-rappresentanti-degli-studenti\\\/\"},\"wordCount\":124,\"publisher\":{\"@id\":\"https:\\\/\\\/steinmuehle.de\\\/it\\\/#organization\"},\"image\":{\"@id\":\"https:\\\/\\\/steinmuehle.de\\\/it\\\/blog\\\/2018\\\/03\\\/19\\\/nuovi-volti-nel-gruppo-dei-rappresentanti-degli-studenti\\\/#primaryimage\"},\"thumbnailUrl\":\"https:\\\/\\\/steinmuehle.de\\\/wp-content\\\/uploads\\\/sites\\\/5\\\/2018\\\/09\\\/Steinmuehle_Schuelervertretung-scaled.jpg\",\"articleSection\":[\"Archivio\",\"Notizie\"],\"inLanguage\":\"it-IT\"},{\"@type\":\"WebPage\",\"@id\":\"https:\\\/\\\/steinmuehle.de\\\/it\\\/blog\\\/2018\\\/03\\\/19\\\/nuovi-volti-nel-gruppo-dei-rappresentanti-degli-studenti\\\/\",\"url\":\"https:\\\/\\\/steinmuehle.de\\\/it\\\/blog\\\/2018\\\/03\\\/19\\\/nuovi-volti-nel-gruppo-dei-rappresentanti-degli-studenti\\\/\",\"name\":\"Nuovi volti nel gruppo dei rappresentanti degli studenti - Steinm\u00fchle \u2013 Schule &amp; Internat\",\"isPartOf\":{\"@id\":\"https:\\\/\\\/steinmuehle.de\\\/it\\\/#website\"},\"primaryImageOfPage\":{\"@id\":\"https:\\\/\\\/steinmuehle.de\\\/it\\\/blog\\\/2018\\\/03\\\/19\\\/nuovi-volti-nel-gruppo-dei-rappresentanti-degli-studenti\\\/#primaryimage\"},\"image\":{\"@id\":\"https:\\\/\\\/steinmuehle.de\\\/it\\\/blog\\\/2018\\\/03\\\/19\\\/nuovi-volti-nel-gruppo-dei-rappresentanti-degli-studenti\\\/#primaryimage\"},\"thumbnailUrl\":\"https:\\\/\\\/steinmuehle.de\\\/wp-content\\\/uploads\\\/sites\\\/5\\\/2018\\\/09\\\/Steinmuehle_Schuelervertretung-scaled.jpg\",\"datePublished\":\"2018-03-19T12:33:35+00:00\",\"breadcrumb\":{\"@id\":\"https:\\\/\\\/steinmuehle.de\\\/it\\\/blog\\\/2018\\\/03\\\/19\\\/nuovi-volti-nel-gruppo-dei-rappresentanti-degli-studenti\\\/#breadcrumb\"},\"inLanguage\":\"it-IT\",\"potentialAction\":[{\"@type\":\"ReadAction\",\"target\":[\"https:\\\/\\\/steinmuehle.de\\\/it\\\/blog\\\/2018\\\/03\\\/19\\\/nuovi-volti-nel-gruppo-dei-rappresentanti-degli-studenti\\\/\"]}]},{\"@type\":\"ImageObject\",\"inLanguage\":\"it-IT\",\"@id\":\"https:\\\/\\\/steinmuehle.de\\\/it\\\/blog\\\/2018\\\/03\\\/19\\\/nuovi-volti-nel-gruppo-dei-rappresentanti-degli-studenti\\\/#primaryimage\",\"url\":\"https:\\\/\\\/steinmuehle.de\\\/wp-content\\\/uploads\\\/sites\\\/5\\\/2018\\\/09\\\/Steinmuehle_Schuelervertretung-scaled.jpg\",\"contentUrl\":\"https:\\\/\\\/steinmuehle.de\\\/wp-content\\\/uploads\\\/sites\\\/5\\\/2018\\\/09\\\/Steinmuehle_Schuelervertretung-scaled.jpg\",\"width\":1500,\"height\":813},{\"@type\":\"BreadcrumbList\",\"@id\":\"https:\\\/\\\/steinmuehle.de\\\/it\\\/blog\\\/2018\\\/03\\\/19\\\/nuovi-volti-nel-gruppo-dei-rappresentanti-degli-studenti\\\/#breadcrumb\",\"itemListElement\":[{\"@type\":\"ListItem\",\"position\":1,\"name\":\"Inizia\",\"item\":\"https:\\\/\\\/steinmuehle.de\\\/it\\\/home\\\/\"},{\"@type\":\"ListItem\",\"position\":2,\"name\":\"Nuovi volti nel gruppo dei rappresentanti degli studenti\"}]},{\"@type\":\"WebSite\",\"@id\":\"https:\\\/\\\/steinmuehle.de\\\/it\\\/#website\",\"url\":\"https:\\\/\\\/steinmuehle.de\\\/it\\\/\",\"name\":\"Steinm\u00fchle \u2013 Schule & Internat\",\"description\":\"\",\"publisher\":{\"@id\":\"https:\\\/\\\/steinmuehle.de\\\/it\\\/#organization\"},\"potentialAction\":[{\"@type\":\"SearchAction\",\"target\":{\"@type\":\"EntryPoint\",\"urlTemplate\":\"https:\\\/\\\/steinmuehle.de\\\/it\\\/?s={search_term_string}\"},\"query-input\":{\"@type\":\"PropertyValueSpecification\",\"valueRequired\":true,\"valueName\":\"search_term_string\"}}],\"inLanguage\":\"it-IT\"},{\"@type\":\"Organization\",\"@id\":\"https:\\\/\\\/steinmuehle.de\\\/it\\\/#organization\",\"name\":\"Steinm\u00fchle \u2013 Schule & Internat\",\"url\":\"https:\\\/\\\/steinmuehle.de\\\/it\\\/\",\"logo\":{\"@type\":\"ImageObject\",\"inLanguage\":\"it-IT\",\"@id\":\"https:\\\/\\\/steinmuehle.de\\\/it\\\/#\\\/schema\\\/logo\\\/image\\\/\",\"url\":\"https:\\\/\\\/steinmuehle.de\\\/wp-content\\\/uploads\\\/sites\\\/5\\\/2025\\\/11\\\/Logo_SchuleInternat_Steinmuehle_2026_3.png\",\"contentUrl\":\"https:\\\/\\\/steinmuehle.de\\\/wp-content\\\/uploads\\\/sites\\\/5\\\/2025\\\/11\\\/Logo_SchuleInternat_Steinmuehle_2026_3.png\",\"width\":450,\"height\":165,\"caption\":\"Steinm\u00fchle \u2013 Schule & Internat\"},\"image\":{\"@id\":\"https:\\\/\\\/steinmuehle.de\\\/it\\\/#\\\/schema\\\/logo\\\/image\\\/\"},\"sameAs\":[\"https:\\\/\\\/www.facebook.com\\\/steinmuehle\\\/\",\"https:\\\/\\\/www.instagram.com\\\/steinmuehle\\\/\",\"https:\\\/\\\/www.linkedin.com\\\/school\\\/steinmuehle\\\/\"]},{\"@type\":\"Person\",\"@id\":\"https:\\\/\\\/steinmuehle.de\\\/it\\\/#\\\/schema\\\/person\\\/dca0f63b42f55a60fc47b84082ef1177\",\"name\":\"konnertz\",\"image\":{\"@type\":\"ImageObject\",\"inLanguage\":\"it-IT\",\"@id\":\"\\\/\\\/www.gravatar.com\\\/avatar\\\/b3083e3434f4e2c464a6d24113a38c24?s=96&#038;r=g&#038;d=mm\",\"url\":\"\\\/\\\/www.gravatar.com\\\/avatar\\\/b3083e3434f4e2c464a6d24113a38c24?s=96&#038;r=g&#038;d=mm\",\"contentUrl\":\"\\\/\\\/www.gravatar.com\\\/avatar\\\/b3083e3434f4e2c464a6d24113a38c24?s=96&#038;r=g&#038;d=mm\",\"caption\":\"konnertz\"},\"url\":\"https:\\\/\\\/steinmuehle.de\\\/it\\\/blog\\\/author\\\/konnertz\\\/\"}]}<\/script>\n<!-- \/ Yoast SEO Premium plugin. -->","yoast_head_json":{"title":"Nuovi volti nel gruppo dei rappresentanti degli studenti - Steinm\u00fchle \u2013 Schule &amp; Internat","robots":{"index":"index","follow":"follow","max-snippet":"max-snippet:-1","max-image-preview":"max-image-preview:large","max-video-preview":"max-video-preview:-1"},"canonical":"https:\/\/steinmuehle.de\/it\/blog\/2018\/03\/19\/nuovi-volti-nel-gruppo-dei-rappresentanti-degli-studenti\/","og_locale":"it_IT","og_type":"article","og_title":"Nuovi volti nel gruppo dei rappresentanti degli studenti","og_description":"C\u2019erano le elezioni del Consiglio Studentesco \u2013 ed ecco i risultati: la nuova squadra di rappresentanti \u00e8 composta da Bodam Lee e Carolin Mauersberger. La rappresentante delle classi superiori \u00e8 Janina Seip. Eren Pektas \u00e8 stato eletto rappresentante della scuola media. La squadra dei rappresentanti della scuola elementare \u00e8 formata da Joris Benavente e Jonah [&hellip;]","og_url":"https:\/\/steinmuehle.de\/it\/blog\/2018\/03\/19\/nuovi-volti-nel-gruppo-dei-rappresentanti-degli-studenti\/","og_site_name":"Steinm\u00fchle \u2013 Schule &amp; Internat","article_publisher":"https:\/\/www.facebook.com\/steinmuehle\/","article_published_time":"2018-03-19T12:33:35+00:00","og_image":[{"width":1500,"height":813,"url":"https:\/\/steinmuehle.de\/wp-content\/uploads\/sites\/5\/2018\/09\/Steinmuehle_Schuelervertretung-scaled.jpg","type":"image\/jpeg"}],"author":"konnertz","twitter_card":"summary_large_image","twitter_misc":{"Scritto da":"konnertz","Tempo di lettura stimato":"1 minuto"},"schema":{"@context":"https:\/\/schema.org","@graph":[{"@type":"Article","@id":"https:\/\/steinmuehle.de\/it\/blog\/2018\/03\/19\/nuovi-volti-nel-gruppo-dei-rappresentanti-degli-studenti\/#article","isPartOf":{"@id":"https:\/\/steinmuehle.de\/it\/blog\/2018\/03\/19\/nuovi-volti-nel-gruppo-dei-rappresentanti-degli-studenti\/"},"author":{"name":"konnertz","@id":"https:\/\/steinmuehle.de\/it\/#\/schema\/person\/dca0f63b42f55a60fc47b84082ef1177"},"headline":"Nuovi volti nel gruppo dei rappresentanti degli studenti","datePublished":"2018-03-19T12:33:35+00:00","mainEntityOfPage":{"@id":"https:\/\/steinmuehle.de\/it\/blog\/2018\/03\/19\/nuovi-volti-nel-gruppo-dei-rappresentanti-degli-studenti\/"},"wordCount":124,"publisher":{"@id":"https:\/\/steinmuehle.de\/it\/#organization"},"image":{"@id":"https:\/\/steinmuehle.de\/it\/blog\/2018\/03\/19\/nuovi-volti-nel-gruppo-dei-rappresentanti-degli-studenti\/#primaryimage"},"thumbnailUrl":"https:\/\/steinmuehle.de\/wp-content\/uploads\/sites\/5\/2018\/09\/Steinmuehle_Schuelervertretung-scaled.jpg","articleSection":["Archivio","Notizie"],"inLanguage":"it-IT"},{"@type":"WebPage","@id":"https:\/\/steinmuehle.de\/it\/blog\/2018\/03\/19\/nuovi-volti-nel-gruppo-dei-rappresentanti-degli-studenti\/","url":"https:\/\/steinmuehle.de\/it\/blog\/2018\/03\/19\/nuovi-volti-nel-gruppo-dei-rappresentanti-degli-studenti\/","name":"Nuovi volti nel gruppo dei rappresentanti degli studenti - Steinm\u00fchle \u2013 Schule &amp; Internat","isPartOf":{"@id":"https:\/\/steinmuehle.de\/it\/#website"},"primaryImageOfPage":{"@id":"https:\/\/steinmuehle.de\/it\/blog\/2018\/03\/19\/nuovi-volti-nel-gruppo-dei-rappresentanti-degli-studenti\/#primaryimage"},"image":{"@id":"https:\/\/steinmuehle.de\/it\/blog\/2018\/03\/19\/nuovi-volti-nel-gruppo-dei-rappresentanti-degli-studenti\/#primaryimage"},"thumbnailUrl":"https:\/\/steinmuehle.de\/wp-content\/uploads\/sites\/5\/2018\/09\/Steinmuehle_Schuelervertretung-scaled.jpg","datePublished":"2018-03-19T12:33:35+00:00","breadcrumb":{"@id":"https:\/\/steinmuehle.de\/it\/blog\/2018\/03\/19\/nuovi-volti-nel-gruppo-dei-rappresentanti-degli-studenti\/#breadcrumb"},"inLanguage":"it-IT","potentialAction":[{"@type":"ReadAction","target":["https:\/\/steinmuehle.de\/it\/blog\/2018\/03\/19\/nuovi-volti-nel-gruppo-dei-rappresentanti-degli-studenti\/"]}]},{"@type":"ImageObject","inLanguage":"it-IT","@id":"https:\/\/steinmuehle.de\/it\/blog\/2018\/03\/19\/nuovi-volti-nel-gruppo-dei-rappresentanti-degli-studenti\/#primaryimage","url":"https:\/\/steinmuehle.de\/wp-content\/uploads\/sites\/5\/2018\/09\/Steinmuehle_Schuelervertretung-scaled.jpg","contentUrl":"https:\/\/steinmuehle.de\/wp-content\/uploads\/sites\/5\/2018\/09\/Steinmuehle_Schuelervertretung-scaled.jpg","width":1500,"height":813},{"@type":"BreadcrumbList","@id":"https:\/\/steinmuehle.de\/it\/blog\/2018\/03\/19\/nuovi-volti-nel-gruppo-dei-rappresentanti-degli-studenti\/#breadcrumb","itemListElement":[{"@type":"ListItem","position":1,"name":"Inizia","item":"https:\/\/steinmuehle.de\/it\/home\/"},{"@type":"ListItem","position":2,"name":"Nuovi volti nel gruppo dei rappresentanti degli studenti"}]},{"@type":"WebSite","@id":"https:\/\/steinmuehle.de\/it\/#website","url":"https:\/\/steinmuehle.de\/it\/","name":"Steinm\u00fchle \u2013 Schule & Internat","description":"","publisher":{"@id":"https:\/\/steinmuehle.de\/it\/#organization"},"potentialAction":[{"@type":"SearchAction","target":{"@type":"EntryPoint","urlTemplate":"https:\/\/steinmuehle.de\/it\/?s={search_term_string}"},"query-input":{"@type":"PropertyValueSpecification","valueRequired":true,"valueName":"search_term_string"}}],"inLanguage":"it-IT"},{"@type":"Organization","@id":"https:\/\/steinmuehle.de\/it\/#organization","name":"Steinm\u00fchle \u2013 Schule & Internat","url":"https:\/\/steinmuehle.de\/it\/","logo":{"@type":"ImageObject","inLanguage":"it-IT","@id":"https:\/\/steinmuehle.de\/it\/#\/schema\/logo\/image\/","url":"https:\/\/steinmuehle.de\/wp-content\/uploads\/sites\/5\/2025\/11\/Logo_SchuleInternat_Steinmuehle_2026_3.png","contentUrl":"https:\/\/steinmuehle.de\/wp-content\/uploads\/sites\/5\/2025\/11\/Logo_SchuleInternat_Steinmuehle_2026_3.png","width":450,"height":165,"caption":"Steinm\u00fchle \u2013 Schule & Internat"},"image":{"@id":"https:\/\/steinmuehle.de\/it\/#\/schema\/logo\/image\/"},"sameAs":["https:\/\/www.facebook.com\/steinmuehle\/","https:\/\/www.instagram.com\/steinmuehle\/","https:\/\/www.linkedin.com\/school\/steinmuehle\/"]},{"@type":"Person","@id":"https:\/\/steinmuehle.de\/it\/#\/schema\/person\/dca0f63b42f55a60fc47b84082ef1177","name":"konnertz","image":{"@type":"ImageObject","inLanguage":"it-IT","@id":"\/\/www.gravatar.com\/avatar\/b3083e3434f4e2c464a6d24113a38c24?s=96&#038;r=g&#038;d=mm","url":"\/\/www.gravatar.com\/avatar\/b3083e3434f4e2c464a6d24113a38c24?s=96&#038;r=g&#038;d=mm","contentUrl":"\/\/www.gravatar.com\/avatar\/b3083e3434f4e2c464a6d24113a38c24?s=96&#038;r=g&#038;d=mm","caption":"konnertz"},"url":"https:\/\/steinmuehle.de\/it\/blog\/author\/konnertz\/"}]}},"_links":{"self":[{"href":"https:\/\/steinmuehle.de\/it\/wp-json\/wp\/v2\/posts\/57850","targetHints":{"allow":["GET"]}}],"collection":[{"href":"https:\/\/steinmuehle.de\/it\/wp-json\/wp\/v2\/posts"}],"about":[{"href":"https:\/\/steinmuehle.de\/it\/wp-json\/wp\/v2\/types\/post"}],"author":[{"embeddable":true,"href":"https:\/\/steinmuehle.de\/it\/wp-json\/wp\/v2\/users\/11"}],"replies":[{"embeddable":true,"href":"https:\/\/steinmuehle.de\/it\/wp-json\/wp\/v2\/comments?post=57850"}],"version-history":[{"count":0,"href":"https:\/\/steinmuehle.de\/it\/wp-json\/wp\/v2\/posts\/57850\/revisions"}],"wp:featuredmedia":[{"embeddable":true,"href":"https:\/\/steinmuehle.de\/it\/wp-json\/wp\/v2\/media\/57852"}],"wp:attachment":[{"href":"https:\/\/steinmuehle.de\/it\/wp-json\/wp\/v2\/media?parent=57850"}],"wp:term":[{"taxonomy":"category","embeddable":true,"href":"https:\/\/steinmuehle.de\/it\/wp-json\/wp\/v2\/categories?post=57850"},{"taxonomy":"post_tag","embeddable":true,"href":"https:\/\/steinmuehle.de\/it\/wp-json\/wp\/v2\/tags?post=57850"}],"curies":[{"name":"wp","href":"https:\/\/api.w.org\/{rel}","templated":true}]}}