{"id":93990,"date":"2026-09-05T23:21:29","date_gmt":"2026-09-05T21:21:29","guid":{"rendered":"https:\/\/steinmuehle.de\/blog\/2026\/09\/05\/premiere-victoire-pour-notre-nouvel-entraineur-au-sein-de-la-tarus-future-team\/"},"modified":"2026-09-06T00:16:43","modified_gmt":"2026-09-05T22:16:43","slug":"premiere-victoire-pour-notre-nouvel-entraineur-au-sein-de-la-tarus-future-team","status":"publish","type":"post","link":"https:\/\/steinmuehle.de\/fr\/blog\/2026\/09\/05\/premiere-victoire-pour-notre-nouvel-entraineur-au-sein-de-la-tarus-future-team\/","title":{"rendered":"Premi\u00e8re victoire pour notre nouvel entra\u00eeneur au sein de la TARUS Future Team"},"content":{"rendered":"<p class=\"default-style\">Des moments importants pour Raavi Nasser, notre nouvel entra\u00eeneur au sein de la TARUS Future Team : lors des Championnats d&rsquo;Europe U23 \u00e0 Kruszwica, en Pologne, il remporte son premier \u00ab aigle \u00bb en tant qu&rsquo;entra\u00eeneur d&rsquo;aviron lors d&rsquo;une comp\u00e9tition internationale. Notre photo montre Raavi, qui va quitter Hanovre pour s&rsquo;installer au bord de la Lahn, en compagnie de Jette Lisdat (club d&rsquo;aviron de Hanovre, HRC) et de Melina Reinke (club d&rsquo;aviron de Neuss, RV), qui prendront le d\u00e9part dans l&rsquo;\u00e9preuve du deux de couple f\u00e9minin poids l\u00e9gers (LW2x). <\/p>\n<p class=\"default-style\">Vous en saurez bient\u00f4t davantage sur Raavi et ses missions li\u00e9es \u00e0 TARUS et au moulin \u00e0 pierre.<\/p>\n<p class=\"default-style\"><em>(Heinm)<\/em><\/p>\n<p>&nbsp;<\/p>\n<p><img loading=\"lazy\" decoding=\"async\" class=\"alignnone wp-image-93975 size-full\" src=\"https:\/\/steinmuehle.de\/wp-content\/uploads\/sites\/5\/2026\/09\/Raavi_2x_quer.jpeg\" alt=\"\" width=\"676\" height=\"397\" srcset=\"https:\/\/steinmuehle.de\/wp-content\/uploads\/sites\/5\/2026\/09\/Raavi_2x_quer.jpeg 676w, https:\/\/steinmuehle.de\/wp-content\/uploads\/sites\/5\/2026\/09\/Raavi_2x_quer-300x176.jpeg 300w, https:\/\/steinmuehle.de\/wp-content\/uploads\/sites\/5\/2026\/09\/Raavi_2x_quer-24x14.jpeg 24w, https:\/\/steinmuehle.de\/wp-content\/uploads\/sites\/5\/2026\/09\/Raavi_2x_quer-36x21.jpeg 36w, https:\/\/steinmuehle.de\/wp-content\/uploads\/sites\/5\/2026\/09\/Raavi_2x_quer-48x28.jpeg 48w\" sizes=\"auto, (max-width: 676px) 100vw, 676px\" \/><img loading=\"lazy\" decoding=\"async\" class=\"alignnone wp-image-93976 size-full\" src=\"https:\/\/steinmuehle.de\/wp-content\/uploads\/sites\/5\/2026\/09\/Raavi_2x-e1788643072550.jpeg\" alt=\"\" width=\"828\" height=\"723\"><\/p>\n","protected":false},"excerpt":{"rendered":"<p>Des moments importants pour Raavi Nasser, notre nouvel entra\u00eeneur au sein de la TARUS Future Team : lors des Championnats d&rsquo;Europe U23 \u00e0 Kruszwica, en Pologne, il remporte son premier \u00ab aigle \u00bb en tant qu&rsquo;entra\u00eeneur d&rsquo;aviron lors d&rsquo;une comp\u00e9tition internationale. Notre photo montre Raavi, qui va quitter Hanovre pour s&rsquo;installer au bord de la [&hellip;]<\/p>\n","protected":false},"author":22,"featured_media":93991,"comment_status":"closed","ping_status":"open","sticky":false,"template":"","format":"standard","meta":{"_acf_changed":false,"footnotes":""},"categories":[147,195,149,148],"tags":[],"class_list":["post-93990","post","type-post","status-publish","format-standard","has-post-thumbnail","hentry","category-actualites","category-aviron","category-concours-et-distinctions","category-sport-et-sante"],"acf":[],"yoast_head":"<!-- This site is optimized with the Yoast SEO Premium plugin v28.4 (Yoast SEO v28.4) - https:\/\/yoast.com\/product\/yoast-seo-premium-wordpress\/ -->\n<title>Premi\u00e8re victoire pour notre nouvel entra\u00eeneur au sein de la TARUS Future Team - Steinm\u00fchle \u2013 Schule &amp; Internat<\/title>\n<meta name=\"robots\" content=\"index, follow, max-snippet:-1, max-image-preview:large, max-video-preview:-1\" \/>\n<link rel=\"canonical\" href=\"https:\/\/steinmuehle.de\/fr\/blog\/2026\/09\/05\/premiere-victoire-pour-notre-nouvel-entraineur-au-sein-de-la-tarus-future-team\/\" \/>\n<meta property=\"og:locale\" content=\"fr_FR\" \/>\n<meta property=\"og:type\" content=\"article\" \/>\n<meta property=\"og:title\" content=\"Premi\u00e8re victoire pour notre nouvel entra\u00eeneur au sein de la TARUS Future Team\" \/>\n<meta property=\"og:description\" content=\"Des moments importants pour Raavi Nasser, notre nouvel entra\u00eeneur au sein de la TARUS Future Team : lors des Championnats d&rsquo;Europe U23 \u00e0 Kruszwica, en Pologne, il remporte son premier \u00ab aigle \u00bb en tant qu&rsquo;entra\u00eeneur d&rsquo;aviron lors d&rsquo;une comp\u00e9tition internationale. Notre photo montre Raavi, qui va quitter Hanovre pour s&rsquo;installer au bord de la [&hellip;]\" \/>\n<meta property=\"og:url\" content=\"https:\/\/steinmuehle.de\/fr\/blog\/2026\/09\/05\/premiere-victoire-pour-notre-nouvel-entraineur-au-sein-de-la-tarus-future-team\/\" \/>\n<meta property=\"og:site_name\" content=\"Steinm\u00fchle \u2013 Schule &amp; Internat\" \/>\n<meta property=\"article:publisher\" content=\"https:\/\/www.facebook.com\/steinmuehle\/\" \/>\n<meta property=\"article:published_time\" content=\"2026-09-05T21:21:29+00:00\" \/>\n<meta property=\"article:modified_time\" content=\"2026-09-05T22:16:43+00:00\" \/>\n<meta property=\"og:image\" content=\"https:\/\/steinmuehle.de\/wp-content\/uploads\/sites\/5\/2026\/09\/Raavi_2x-e1788643072550.jpeg\" \/>\n\t<meta property=\"og:image:width\" content=\"828\" \/>\n\t<meta property=\"og:image:height\" content=\"602\" \/>\n\t<meta property=\"og:image:type\" content=\"image\/jpeg\" \/>\n<meta name=\"author\" content=\"Angela\" \/>\n<meta name=\"twitter:card\" content=\"summary_large_image\" \/>\n<meta name=\"twitter:label1\" content=\"\u00c9crit par\" \/>\n\t<meta name=\"twitter:data1\" content=\"Angela\" \/>\n\t<meta name=\"twitter:label2\" content=\"Dur\u00e9e de lecture estim\u00e9e\" \/>\n\t<meta name=\"twitter:data2\" content=\"1 minute\" \/>\n<script type=\"application\/ld+json\" class=\"yoast-schema-graph\">{\"@context\":\"https:\\\/\\\/schema.org\",\"@graph\":[{\"@type\":\"Article\",\"@id\":\"https:\\\/\\\/steinmuehle.de\\\/fr\\\/blog\\\/2026\\\/09\\\/05\\\/premiere-victoire-pour-notre-nouvel-entraineur-au-sein-de-la-tarus-future-team\\\/#article\",\"isPartOf\":{\"@id\":\"https:\\\/\\\/steinmuehle.de\\\/fr\\\/blog\\\/2026\\\/09\\\/05\\\/premiere-victoire-pour-notre-nouvel-entraineur-au-sein-de-la-tarus-future-team\\\/\"},\"author\":{\"name\":\"Angela\",\"@id\":\"https:\\\/\\\/steinmuehle.de\\\/fr\\\/#\\\/schema\\\/person\\\/16dc40a7fc9b759e1279be97ac570529\"},\"headline\":\"Premi\u00e8re victoire pour notre nouvel entra\u00eeneur au sein de la TARUS Future Team\",\"datePublished\":\"2026-09-05T21:21:29+00:00\",\"dateModified\":\"2026-09-05T22:16:43+00:00\",\"mainEntityOfPage\":{\"@id\":\"https:\\\/\\\/steinmuehle.de\\\/fr\\\/blog\\\/2026\\\/09\\\/05\\\/premiere-victoire-pour-notre-nouvel-entraineur-au-sein-de-la-tarus-future-team\\\/\"},\"wordCount\":135,\"publisher\":{\"@id\":\"https:\\\/\\\/steinmuehle.de\\\/fr\\\/#organization\"},\"image\":{\"@id\":\"https:\\\/\\\/steinmuehle.de\\\/fr\\\/blog\\\/2026\\\/09\\\/05\\\/premiere-victoire-pour-notre-nouvel-entraineur-au-sein-de-la-tarus-future-team\\\/#primaryimage\"},\"thumbnailUrl\":\"https:\\\/\\\/steinmuehle.de\\\/wp-content\\\/uploads\\\/sites\\\/5\\\/2026\\\/09\\\/Raavi_2x-e1788643072550.jpeg\",\"articleSection\":[\"Actualit\u00e9s\",\"aviron\",\"Concours et distinctions\",\"Sport et sant\u00e9\"],\"inLanguage\":\"fr-FR\"},{\"@type\":\"WebPage\",\"@id\":\"https:\\\/\\\/steinmuehle.de\\\/fr\\\/blog\\\/2026\\\/09\\\/05\\\/premiere-victoire-pour-notre-nouvel-entraineur-au-sein-de-la-tarus-future-team\\\/\",\"url\":\"https:\\\/\\\/steinmuehle.de\\\/fr\\\/blog\\\/2026\\\/09\\\/05\\\/premiere-victoire-pour-notre-nouvel-entraineur-au-sein-de-la-tarus-future-team\\\/\",\"name\":\"Premi\u00e8re victoire pour notre nouvel entra\u00eeneur au sein de la TARUS Future Team - Steinm\u00fchle \u2013 Schule &amp; Internat\",\"isPartOf\":{\"@id\":\"https:\\\/\\\/steinmuehle.de\\\/fr\\\/#website\"},\"primaryImageOfPage\":{\"@id\":\"https:\\\/\\\/steinmuehle.de\\\/fr\\\/blog\\\/2026\\\/09\\\/05\\\/premiere-victoire-pour-notre-nouvel-entraineur-au-sein-de-la-tarus-future-team\\\/#primaryimage\"},\"image\":{\"@id\":\"https:\\\/\\\/steinmuehle.de\\\/fr\\\/blog\\\/2026\\\/09\\\/05\\\/premiere-victoire-pour-notre-nouvel-entraineur-au-sein-de-la-tarus-future-team\\\/#primaryimage\"},\"thumbnailUrl\":\"https:\\\/\\\/steinmuehle.de\\\/wp-content\\\/uploads\\\/sites\\\/5\\\/2026\\\/09\\\/Raavi_2x-e1788643072550.jpeg\",\"datePublished\":\"2026-09-05T21:21:29+00:00\",\"dateModified\":\"2026-09-05T22:16:43+00:00\",\"breadcrumb\":{\"@id\":\"https:\\\/\\\/steinmuehle.de\\\/fr\\\/blog\\\/2026\\\/09\\\/05\\\/premiere-victoire-pour-notre-nouvel-entraineur-au-sein-de-la-tarus-future-team\\\/#breadcrumb\"},\"inLanguage\":\"fr-FR\",\"potentialAction\":[{\"@type\":\"ReadAction\",\"target\":[\"https:\\\/\\\/steinmuehle.de\\\/fr\\\/blog\\\/2026\\\/09\\\/05\\\/premiere-victoire-pour-notre-nouvel-entraineur-au-sein-de-la-tarus-future-team\\\/\"]}]},{\"@type\":\"ImageObject\",\"inLanguage\":\"fr-FR\",\"@id\":\"https:\\\/\\\/steinmuehle.de\\\/fr\\\/blog\\\/2026\\\/09\\\/05\\\/premiere-victoire-pour-notre-nouvel-entraineur-au-sein-de-la-tarus-future-team\\\/#primaryimage\",\"url\":\"https:\\\/\\\/steinmuehle.de\\\/wp-content\\\/uploads\\\/sites\\\/5\\\/2026\\\/09\\\/Raavi_2x-e1788643072550.jpeg\",\"contentUrl\":\"https:\\\/\\\/steinmuehle.de\\\/wp-content\\\/uploads\\\/sites\\\/5\\\/2026\\\/09\\\/Raavi_2x-e1788643072550.jpeg\",\"width\":828,\"height\":602},{\"@type\":\"BreadcrumbList\",\"@id\":\"https:\\\/\\\/steinmuehle.de\\\/fr\\\/blog\\\/2026\\\/09\\\/05\\\/premiere-victoire-pour-notre-nouvel-entraineur-au-sein-de-la-tarus-future-team\\\/#breadcrumb\",\"itemListElement\":[{\"@type\":\"ListItem\",\"position\":1,\"name\":\"D\u00e9marrer\",\"item\":\"https:\\\/\\\/steinmuehle.de\\\/fr\\\/page-daccueil\\\/\"},{\"@type\":\"ListItem\",\"position\":2,\"name\":\"Premi\u00e8re victoire pour notre nouvel entra\u00eeneur au sein de la TARUS Future Team\"}]},{\"@type\":\"WebSite\",\"@id\":\"https:\\\/\\\/steinmuehle.de\\\/fr\\\/#website\",\"url\":\"https:\\\/\\\/steinmuehle.de\\\/fr\\\/\",\"name\":\"Steinm\u00fchle \u2013 Schule & Internat\",\"description\":\"\",\"publisher\":{\"@id\":\"https:\\\/\\\/steinmuehle.de\\\/fr\\\/#organization\"},\"potentialAction\":[{\"@type\":\"SearchAction\",\"target\":{\"@type\":\"EntryPoint\",\"urlTemplate\":\"https:\\\/\\\/steinmuehle.de\\\/fr\\\/?s={search_term_string}\"},\"query-input\":{\"@type\":\"PropertyValueSpecification\",\"valueRequired\":true,\"valueName\":\"search_term_string\"}}],\"inLanguage\":\"fr-FR\"},{\"@type\":\"Organization\",\"@id\":\"https:\\\/\\\/steinmuehle.de\\\/fr\\\/#organization\",\"name\":\"Steinm\u00fchle \u2013 Schule & Internat\",\"url\":\"https:\\\/\\\/steinmuehle.de\\\/fr\\\/\",\"logo\":{\"@type\":\"ImageObject\",\"inLanguage\":\"fr-FR\",\"@id\":\"https:\\\/\\\/steinmuehle.de\\\/fr\\\/#\\\/schema\\\/logo\\\/image\\\/\",\"url\":\"https:\\\/\\\/steinmuehle.de\\\/wp-content\\\/uploads\\\/sites\\\/5\\\/2025\\\/11\\\/Logo_SchuleInternat_Steinmuehle_2026_3.png\",\"contentUrl\":\"https:\\\/\\\/steinmuehle.de\\\/wp-content\\\/uploads\\\/sites\\\/5\\\/2025\\\/11\\\/Logo_SchuleInternat_Steinmuehle_2026_3.png\",\"width\":450,\"height\":165,\"caption\":\"Steinm\u00fchle \u2013 Schule & Internat\"},\"image\":{\"@id\":\"https:\\\/\\\/steinmuehle.de\\\/fr\\\/#\\\/schema\\\/logo\\\/image\\\/\"},\"sameAs\":[\"https:\\\/\\\/www.facebook.com\\\/steinmuehle\\\/\",\"https:\\\/\\\/www.instagram.com\\\/steinmuehle\\\/\",\"https:\\\/\\\/www.linkedin.com\\\/school\\\/steinmuehle\\\/\"]},{\"@type\":\"Person\",\"@id\":\"https:\\\/\\\/steinmuehle.de\\\/fr\\\/#\\\/schema\\\/person\\\/16dc40a7fc9b759e1279be97ac570529\",\"name\":\"Angela\",\"image\":{\"@type\":\"ImageObject\",\"inLanguage\":\"fr-FR\",\"@id\":\"https:\\\/\\\/steinmuehle.de\\\/wp-content\\\/uploads\\\/sites\\\/5\\\/avatars\\\/22\\\/1781881488-bpfull.jpg\",\"url\":\"https:\\\/\\\/steinmuehle.de\\\/wp-content\\\/uploads\\\/sites\\\/5\\\/avatars\\\/22\\\/1781881488-bpfull.jpg\",\"contentUrl\":\"https:\\\/\\\/steinmuehle.de\\\/wp-content\\\/uploads\\\/sites\\\/5\\\/avatars\\\/22\\\/1781881488-bpfull.jpg\",\"caption\":\"Angela\"},\"url\":\"https:\\\/\\\/steinmuehle.de\\\/fr\\\/blog\\\/author\\\/aheinemann\\\/\"}]}<\/script>\n<!-- \/ Yoast SEO Premium plugin. -->","yoast_head_json":{"title":"Premi\u00e8re victoire pour notre nouvel entra\u00eeneur au sein de la TARUS Future Team - Steinm\u00fchle \u2013 Schule &amp; Internat","robots":{"index":"index","follow":"follow","max-snippet":"max-snippet:-1","max-image-preview":"max-image-preview:large","max-video-preview":"max-video-preview:-1"},"canonical":"https:\/\/steinmuehle.de\/fr\/blog\/2026\/09\/05\/premiere-victoire-pour-notre-nouvel-entraineur-au-sein-de-la-tarus-future-team\/","og_locale":"fr_FR","og_type":"article","og_title":"Premi\u00e8re victoire pour notre nouvel entra\u00eeneur au sein de la TARUS Future Team","og_description":"Des moments importants pour Raavi Nasser, notre nouvel entra\u00eeneur au sein de la TARUS Future Team : lors des Championnats d&rsquo;Europe U23 \u00e0 Kruszwica, en Pologne, il remporte son premier \u00ab aigle \u00bb en tant qu&rsquo;entra\u00eeneur d&rsquo;aviron lors d&rsquo;une comp\u00e9tition internationale. Notre photo montre Raavi, qui va quitter Hanovre pour s&rsquo;installer au bord de la [&hellip;]","og_url":"https:\/\/steinmuehle.de\/fr\/blog\/2026\/09\/05\/premiere-victoire-pour-notre-nouvel-entraineur-au-sein-de-la-tarus-future-team\/","og_site_name":"Steinm\u00fchle \u2013 Schule &amp; Internat","article_publisher":"https:\/\/www.facebook.com\/steinmuehle\/","article_published_time":"2026-09-05T21:21:29+00:00","article_modified_time":"2026-09-05T22:16:43+00:00","og_image":[{"width":828,"height":602,"url":"https:\/\/steinmuehle.de\/wp-content\/uploads\/sites\/5\/2026\/09\/Raavi_2x-e1788643072550.jpeg","type":"image\/jpeg"}],"author":"Angela","twitter_card":"summary_large_image","twitter_misc":{"\u00c9crit par":"Angela","Dur\u00e9e de lecture estim\u00e9e":"1 minute"},"schema":{"@context":"https:\/\/schema.org","@graph":[{"@type":"Article","@id":"https:\/\/steinmuehle.de\/fr\/blog\/2026\/09\/05\/premiere-victoire-pour-notre-nouvel-entraineur-au-sein-de-la-tarus-future-team\/#article","isPartOf":{"@id":"https:\/\/steinmuehle.de\/fr\/blog\/2026\/09\/05\/premiere-victoire-pour-notre-nouvel-entraineur-au-sein-de-la-tarus-future-team\/"},"author":{"name":"Angela","@id":"https:\/\/steinmuehle.de\/fr\/#\/schema\/person\/16dc40a7fc9b759e1279be97ac570529"},"headline":"Premi\u00e8re victoire pour notre nouvel entra\u00eeneur au sein de la TARUS Future Team","datePublished":"2026-09-05T21:21:29+00:00","dateModified":"2026-09-05T22:16:43+00:00","mainEntityOfPage":{"@id":"https:\/\/steinmuehle.de\/fr\/blog\/2026\/09\/05\/premiere-victoire-pour-notre-nouvel-entraineur-au-sein-de-la-tarus-future-team\/"},"wordCount":135,"publisher":{"@id":"https:\/\/steinmuehle.de\/fr\/#organization"},"image":{"@id":"https:\/\/steinmuehle.de\/fr\/blog\/2026\/09\/05\/premiere-victoire-pour-notre-nouvel-entraineur-au-sein-de-la-tarus-future-team\/#primaryimage"},"thumbnailUrl":"https:\/\/steinmuehle.de\/wp-content\/uploads\/sites\/5\/2026\/09\/Raavi_2x-e1788643072550.jpeg","articleSection":["Actualit\u00e9s","aviron","Concours et distinctions","Sport et sant\u00e9"],"inLanguage":"fr-FR"},{"@type":"WebPage","@id":"https:\/\/steinmuehle.de\/fr\/blog\/2026\/09\/05\/premiere-victoire-pour-notre-nouvel-entraineur-au-sein-de-la-tarus-future-team\/","url":"https:\/\/steinmuehle.de\/fr\/blog\/2026\/09\/05\/premiere-victoire-pour-notre-nouvel-entraineur-au-sein-de-la-tarus-future-team\/","name":"Premi\u00e8re victoire pour notre nouvel entra\u00eeneur au sein de la TARUS Future Team - Steinm\u00fchle \u2013 Schule &amp; Internat","isPartOf":{"@id":"https:\/\/steinmuehle.de\/fr\/#website"},"primaryImageOfPage":{"@id":"https:\/\/steinmuehle.de\/fr\/blog\/2026\/09\/05\/premiere-victoire-pour-notre-nouvel-entraineur-au-sein-de-la-tarus-future-team\/#primaryimage"},"image":{"@id":"https:\/\/steinmuehle.de\/fr\/blog\/2026\/09\/05\/premiere-victoire-pour-notre-nouvel-entraineur-au-sein-de-la-tarus-future-team\/#primaryimage"},"thumbnailUrl":"https:\/\/steinmuehle.de\/wp-content\/uploads\/sites\/5\/2026\/09\/Raavi_2x-e1788643072550.jpeg","datePublished":"2026-09-05T21:21:29+00:00","dateModified":"2026-09-05T22:16:43+00:00","breadcrumb":{"@id":"https:\/\/steinmuehle.de\/fr\/blog\/2026\/09\/05\/premiere-victoire-pour-notre-nouvel-entraineur-au-sein-de-la-tarus-future-team\/#breadcrumb"},"inLanguage":"fr-FR","potentialAction":[{"@type":"ReadAction","target":["https:\/\/steinmuehle.de\/fr\/blog\/2026\/09\/05\/premiere-victoire-pour-notre-nouvel-entraineur-au-sein-de-la-tarus-future-team\/"]}]},{"@type":"ImageObject","inLanguage":"fr-FR","@id":"https:\/\/steinmuehle.de\/fr\/blog\/2026\/09\/05\/premiere-victoire-pour-notre-nouvel-entraineur-au-sein-de-la-tarus-future-team\/#primaryimage","url":"https:\/\/steinmuehle.de\/wp-content\/uploads\/sites\/5\/2026\/09\/Raavi_2x-e1788643072550.jpeg","contentUrl":"https:\/\/steinmuehle.de\/wp-content\/uploads\/sites\/5\/2026\/09\/Raavi_2x-e1788643072550.jpeg","width":828,"height":602},{"@type":"BreadcrumbList","@id":"https:\/\/steinmuehle.de\/fr\/blog\/2026\/09\/05\/premiere-victoire-pour-notre-nouvel-entraineur-au-sein-de-la-tarus-future-team\/#breadcrumb","itemListElement":[{"@type":"ListItem","position":1,"name":"D\u00e9marrer","item":"https:\/\/steinmuehle.de\/fr\/page-daccueil\/"},{"@type":"ListItem","position":2,"name":"Premi\u00e8re victoire pour notre nouvel entra\u00eeneur au sein de la TARUS Future Team"}]},{"@type":"WebSite","@id":"https:\/\/steinmuehle.de\/fr\/#website","url":"https:\/\/steinmuehle.de\/fr\/","name":"Steinm\u00fchle \u2013 Schule & Internat","description":"","publisher":{"@id":"https:\/\/steinmuehle.de\/fr\/#organization"},"potentialAction":[{"@type":"SearchAction","target":{"@type":"EntryPoint","urlTemplate":"https:\/\/steinmuehle.de\/fr\/?s={search_term_string}"},"query-input":{"@type":"PropertyValueSpecification","valueRequired":true,"valueName":"search_term_string"}}],"inLanguage":"fr-FR"},{"@type":"Organization","@id":"https:\/\/steinmuehle.de\/fr\/#organization","name":"Steinm\u00fchle \u2013 Schule & Internat","url":"https:\/\/steinmuehle.de\/fr\/","logo":{"@type":"ImageObject","inLanguage":"fr-FR","@id":"https:\/\/steinmuehle.de\/fr\/#\/schema\/logo\/image\/","url":"https:\/\/steinmuehle.de\/wp-content\/uploads\/sites\/5\/2025\/11\/Logo_SchuleInternat_Steinmuehle_2026_3.png","contentUrl":"https:\/\/steinmuehle.de\/wp-content\/uploads\/sites\/5\/2025\/11\/Logo_SchuleInternat_Steinmuehle_2026_3.png","width":450,"height":165,"caption":"Steinm\u00fchle \u2013 Schule & Internat"},"image":{"@id":"https:\/\/steinmuehle.de\/fr\/#\/schema\/logo\/image\/"},"sameAs":["https:\/\/www.facebook.com\/steinmuehle\/","https:\/\/www.instagram.com\/steinmuehle\/","https:\/\/www.linkedin.com\/school\/steinmuehle\/"]},{"@type":"Person","@id":"https:\/\/steinmuehle.de\/fr\/#\/schema\/person\/16dc40a7fc9b759e1279be97ac570529","name":"Angela","image":{"@type":"ImageObject","inLanguage":"fr-FR","@id":"https:\/\/steinmuehle.de\/wp-content\/uploads\/sites\/5\/avatars\/22\/1781881488-bpfull.jpg","url":"https:\/\/steinmuehle.de\/wp-content\/uploads\/sites\/5\/avatars\/22\/1781881488-bpfull.jpg","contentUrl":"https:\/\/steinmuehle.de\/wp-content\/uploads\/sites\/5\/avatars\/22\/1781881488-bpfull.jpg","caption":"Angela"},"url":"https:\/\/steinmuehle.de\/fr\/blog\/author\/aheinemann\/"}]}},"_links":{"self":[{"href":"https:\/\/steinmuehle.de\/fr\/wp-json\/wp\/v2\/posts\/93990","targetHints":{"allow":["GET"]}}],"collection":[{"href":"https:\/\/steinmuehle.de\/fr\/wp-json\/wp\/v2\/posts"}],"about":[{"href":"https:\/\/steinmuehle.de\/fr\/wp-json\/wp\/v2\/types\/post"}],"author":[{"embeddable":true,"href":"https:\/\/steinmuehle.de\/fr\/wp-json\/wp\/v2\/users\/22"}],"replies":[{"embeddable":true,"href":"https:\/\/steinmuehle.de\/fr\/wp-json\/wp\/v2\/comments?post=93990"}],"version-history":[{"count":3,"href":"https:\/\/steinmuehle.de\/fr\/wp-json\/wp\/v2\/posts\/93990\/revisions"}],"predecessor-version":[{"id":94021,"href":"https:\/\/steinmuehle.de\/fr\/wp-json\/wp\/v2\/posts\/93990\/revisions\/94021"}],"wp:featuredmedia":[{"embeddable":true,"href":"https:\/\/steinmuehle.de\/fr\/wp-json\/wp\/v2\/media\/93991"}],"wp:attachment":[{"href":"https:\/\/steinmuehle.de\/fr\/wp-json\/wp\/v2\/media?parent=93990"}],"wp:term":[{"taxonomy":"category","embeddable":true,"href":"https:\/\/steinmuehle.de\/fr\/wp-json\/wp\/v2\/categories?post=93990"},{"taxonomy":"post_tag","embeddable":true,"href":"https:\/\/steinmuehle.de\/fr\/wp-json\/wp\/v2\/tags?post=93990"}],"curies":[{"name":"wp","href":"https:\/\/api.w.org\/{rel}","templated":true}]}}