{"id":56594,"date":"2015-05-22T07:57:05","date_gmt":"2015-05-22T05:57:05","guid":{"rendered":"https:\/\/test.steinmuehle.de\/blog\/2015\/05\/22\/la-meteo-a-contribue-a-creer-une-ambiance-sportive-et-printaniere-lors-de-la-course-de-printemps-2015-des-classes-de-5e-et-6e\/"},"modified":"2015-05-22T07:57:05","modified_gmt":"2015-05-22T05:57:05","slug":"la-meteo-a-contribue-a-creer-une-ambiance-sportive-et-printaniere-lors-de-la-course-de-printemps-2015-des-classes-de-5e-et-6e","status":"publish","type":"post","link":"https:\/\/steinmuehle.de\/fr\/blog\/2015\/05\/22\/la-meteo-a-contribue-a-creer-une-ambiance-sportive-et-printaniere-lors-de-la-course-de-printemps-2015-des-classes-de-5e-et-6e\/","title":{"rendered":"La m\u00e9t\u00e9o a contribu\u00e9 \u00e0 cr\u00e9er une ambiance sportive et printani\u00e8re lors de la course de printemps 2015 des classes de 5e et 6e"},"content":{"rendered":"<p><span style=\"font-family: Calibri,sans-serif\">C&rsquo;est par un \u00ab temps magnifique \u00bb que les \u00e9l\u00e8ves des classes de 5e et 6e ont pu participer \u00e0 la course de printemps de cette ann\u00e9e.  <\/span><\/p>\n<p><span style=\"font-family: Calibri,sans-serif\">Cette manifestation d&rsquo;athl\u00e9tisme comprenait une \u00e9preuve individuelle sur le circuit \u00ab Bootshausrunde \u00bb, long de 1 300 m, suivie d&rsquo;\u00e9preuves de relais.  <\/span><\/p>\n<p><span style=\"font-family: Calibri,sans-serif\">Les \u00e9l\u00e8ves se sont \u00e0 nouveau investis avec beaucoup d&rsquo;ambition et ont fait preuve d&rsquo;un grand esprit sportif en s&rsquo;encourageant mutuellement. C&rsquo;est ainsi que, lors des \u00e9preuves individuelles, des temps exceptionnels, bien inf\u00e9rieurs \u00e0 5 minutes, ont \u00e9t\u00e9 r\u00e9alis\u00e9s.   <\/span><\/p>\n<p><span style=\"font-family: Calibri,sans-serif\"><span style=\"font-size: x-large\"><b>R\u00e9sultats<\/b><\/span><\/span><\/p>\n<p><span style=\"font-family: Calibri,sans-serif\"><span style=\"text-decoration: underline\"><b>\u00c9preuves individuelles<\/b><\/span><\/span><\/p>\n<p><span style=\"font-family: Calibri,sans-serif\"><span style=\"font-size: small\"><b>Classe de 5e &#8211; Filles :<\/b><\/span><\/span><\/p>\n<ol>\n<li><span style=\"font-family: Calibri,sans-serif\"><span style=\"font-size: small\">Place : <\/span><\/span><span style=\"font-family: Calibri,sans-serif\"><span style=\"font-size: small\"><b>Clara Wolper <\/b><\/span><\/span><span style=\"font-family: Calibri,sans-serif\"><span style=\"font-size: small\">(5a)<\/span><\/span><span style=\"font-family: Calibri,sans-serif\"><span style=\"font-size: small\"> Temps : 5 min 46 s<\/span><\/span><\/li>\n<li><span style=\"font-family: Calibri,sans-serif\"><span style=\"font-size: small\">Place : <\/span><\/span><span style=\"font-family: Calibri,sans-serif\"><span style=\"font-size: small\"><b>Clara Freudenstein <\/b><\/span><\/span><span style=\"font-family: Calibri,sans-serif\"><span style=\"font-size: small\">(5a)<\/span><\/span><span style=\"font-family: Calibri,sans-serif\"><span style=\"font-size: small\"> Temps : 6 min 13 s<\/span><\/span><\/li>\n<li><span style=\"font-family: Calibri,sans-serif\"><span style=\"font-size: small\">Place : <\/span><\/span><span style=\"font-family: Calibri,sans-serif\"><span style=\"font-size: small\"><b>Janna Meier<\/b><\/span><\/span> <span style=\"font-family: Calibri,sans-serif\"><span style=\"font-size: small\">(5b)<\/span><\/span><span style=\"font-family: Calibri,sans-serif\"><span style=\"font-size: small\"> Temps : 6 min 25 s<\/span><\/span><\/li>\n<\/ol>\n<p><span style=\"font-family: Calibri,sans-serif\"><span style=\"font-size: small\"><b>Classe de 5e &#8211; Gar\u00e7ons :<\/b><\/span><\/span><\/p>\n<ol>\n<li><span style=\"font-family: Calibri,sans-serif\"><span style=\"font-size: small\">Place : <\/span><\/span><span style=\"font-family: Calibri,sans-serif\"><span style=\"font-size: small\"><b>Timo Baalbaki <\/b><\/span><\/span><span style=\"font-family: Calibri,sans-serif\"><span style=\"font-size: small\">(5c)<\/span><\/span><span style=\"font-family: Calibri,sans-serif\"><span style=\"font-size: small\"> Temps : 5 min 08 s<\/span><\/span><\/li>\n<li><span style=\"font-family: Calibri,sans-serif\"><span style=\"font-size: small\">Place : <\/span><\/span><span style=\"font-family: Calibri,sans-serif\"><span style=\"font-size: small\"><b>Paul A. Schm\u00f6lz <\/b><\/span><\/span><span style=\"font-family: Calibri,sans-serif\"><span style=\"font-size: small\">(5c)<\/span><\/span><span style=\"font-family: Calibri,sans-serif\"><span style=\"font-size: small\"> Temps : 5 min 26 s<\/span><\/span><\/li>\n<li><span style=\"font-family: Calibri,sans-serif\"><span style=\"font-size: small\">Place : <\/span><\/span><span style=\"font-family: Calibri,sans-serif\"><span style=\"font-size: small\"><b>Marlon Morin<\/b><\/span><\/span> <span style=\"font-family: Calibri,sans-serif\"><span style=\"font-size: small\">(5c)<\/span><\/span><span style=\"font-family: Calibri,sans-serif\"><span style=\"font-size: small\"> Temps : 5 min 32 s<\/span><\/span><\/li>\n<\/ol>\n<p><span style=\"font-family: Calibri,sans-serif\"><span style=\"font-size: small\"><b>Classe de 6e &#8211; Filles :<\/b><\/span><\/span><\/p>\n<ol>\n<li><span style=\"font-family: Calibri,sans-serif\"><span style=\"font-size: small\">Place : <\/span><\/span><span style=\"font-family: Calibri,sans-serif\"><span style=\"font-size: small\"><b>Emma Sander <\/b><\/span><\/span><span style=\"font-family: Calibri,sans-serif\"><span style=\"font-size: small\">(6c)<\/span><\/span><span style=\"font-family: Calibri,sans-serif\"><span style=\"font-size: small\"> Temps : 5 min 24 s<\/span><\/span><\/li>\n<li><span style=\"font-family: Calibri,sans-serif\"><span style=\"font-size: small\">Place : <\/span><\/span><span style=\"font-family: Calibri,sans-serif\"><span style=\"font-size: small\"><b>Elisabeth Teetz <\/b><\/span><\/span><span style=\"font-family: Calibri,sans-serif\"><span style=\"font-size: small\">(6c)<\/span><\/span><span style=\"font-family: Calibri,sans-serif\"><span style=\"font-size: small\"> Temps : 5 min 39 s<\/span><\/span><\/li>\n<li><span style=\"font-family: Calibri,sans-serif\"><span style=\"font-size: small\">Place : <\/span><\/span><span style=\"font-family: Calibri,sans-serif\"><span style=\"font-size: small\"><b>Alexia Boboc <\/b><\/span><\/span><span style=\"font-family: Calibri,sans-serif\"><span style=\"font-size: small\">(6c)<\/span><\/span><span style=\"font-family: Calibri,sans-serif\"><span style=\"font-size: small\"> Temps : 5 min 57 s<\/span><\/span><\/li>\n<\/ol>\n<p><span style=\"font-family: Calibri,sans-serif\"><span style=\"font-size: small\"><b>Classe de 6e &#8211; Gar\u00e7ons :<\/b><\/span><\/span><\/p>\n<ol>\n<li><span style=\"font-family: Calibri,sans-serif\"><span style=\"font-size: small\">Place : <\/span><\/span><span style=\"font-family: Calibri,sans-serif\"><span style=\"font-size: small\"><b>Jakob Schul <\/b><\/span><\/span><span style=\"font-family: Calibri,sans-serif\"><span style=\"font-size: small\">(6c)<\/span><\/span><span style=\"font-family: Calibri,sans-serif\"><span style=\"font-size: small\"> Temps : 4 min 30 s<\/span><\/span><\/li>\n<li><span style=\"font-family: Calibri,sans-serif\"><span style=\"font-size: small\">Place : <\/span><\/span><span style=\"font-family: Calibri,sans-serif\"><span style=\"font-size: small\"><b>Lennart Reichelt <\/b><\/span><\/span><span style=\"font-family: Calibri,sans-serif\"><span style=\"font-size: small\">(6a)<\/span><\/span><span style=\"font-family: Calibri,sans-serif\"><span style=\"font-size: small\"> Temps : 4 min 55 s<\/span><\/span><\/li>\n<li><span style=\"font-family: Calibri,sans-serif\"><span style=\"font-size: small\">Place : <\/span><\/span><span style=\"font-family: Calibri,sans-serif\"><span style=\"font-size: small\"><b>Sebastian W\u00f6hr<\/b><\/span><\/span> <span style=\"font-family: Calibri,sans-serif\"><span style=\"font-size: small\">(6b)<\/span><\/span><span style=\"font-family: Calibri,sans-serif\"><span style=\"font-size: small\"> Temps : 4 min 59 s<\/span><\/span><\/li>\n<\/ol>\n<p><span style=\"font-family: Calibri,sans-serif\"><span style=\"text-decoration: underline\"><b>\u00c9preuves de relais<\/b><\/span><\/span><\/p>\n<p><span style=\"font-family: Calibri,sans-serif\"><span style=\"font-size: small\"><span style=\"text-decoration: underline\"><b>Classe de 5e<\/b><\/span><\/span><\/span><b> <\/b><span style=\"font-family: Calibri,sans-serif\"><span style=\"font-size: small\"><span style=\"text-decoration: underline\"><b>Classe de 6e<\/b><\/span><\/span><\/span><\/p>\n<ol>\n<li><span style=\"font-family: Calibri,sans-serif\"><span style=\"font-size: small\">Place : <\/span><\/span><span style=\"font-family: Calibri,sans-serif\"><span style=\"font-size: small\"><b>5a <\/b><\/span><\/span><span style=\"font-family: Calibri,sans-serif\"><span style=\"font-size: small\"> 1re place : <\/span><\/span><span style=\"font-family: Calibri,sans-serif\"><span style=\"font-size: small\"><b>6b<\/b><\/span><\/span><\/li>\n<li><span style=\"font-family: Calibri,sans-serif\"><span style=\"font-size: small\">Place : <\/span><\/span><span style=\"font-family: Calibri,sans-serif\"><span style=\"font-size: small\"><b>5c <\/b><\/span><\/span><span style=\"font-family: Calibri,sans-serif\"><span style=\"font-size: small\"> 2e place : <\/span><\/span><span style=\"font-family: Calibri,sans-serif\"><span style=\"font-size: small\"><b>6c<\/b><\/span><\/span><\/li>\n<li><span style=\"font-family: Calibri,sans-serif\"><span style=\"font-size: small\">Place : <\/span><\/span><span style=\"font-family: Calibri,sans-serif\"><span style=\"font-size: small\"><b>5b<\/b><\/span><\/span><span style=\"font-family: Calibri,sans-serif\"><span style=\"font-size: small\"> 3e place : <\/span><\/span><span style=\"font-family: Calibri,sans-serif\"><span style=\"font-size: small\"><b>6a<\/b><\/span><\/span><\/li>\n<\/ol>\n<p><a href=\"https:\/\/steinmuehle.de\/wp-content\/uploads\/2015\/05\/01_4722-FILEminimizer.jpg\"><img loading=\"lazy\" decoding=\"async\" class=\"alignnone size-full wp-image-4831\" src=\"https:\/\/steinmuehle.de\/wp-content\/uploads\/2015\/05\/01_4722-FILEminimizer.jpg\" alt=\"01_4722 (FILEminimizer)\" width=\"1150\" height=\"768\"><\/a> <a href=\"https:\/\/steinmuehle.de\/wp-content\/uploads\/2015\/05\/02_4725-FILEminimizer.jpg\"><img loading=\"lazy\" decoding=\"async\" class=\"alignnone size-full wp-image-4832\" src=\"https:\/\/steinmuehle.de\/wp-content\/uploads\/2015\/05\/02_4725-FILEminimizer.jpg\" alt=\"02_4725 (FILEminimizer)\" width=\"1150\" height=\"768\"><\/a> <a href=\"https:\/\/steinmuehle.de\/wp-content\/uploads\/2015\/05\/03_4728-FILEminimizer.jpg\"><img loading=\"lazy\" decoding=\"async\" class=\"alignnone size-full wp-image-4833\" src=\"https:\/\/steinmuehle.de\/wp-content\/uploads\/2015\/05\/03_4728-FILEminimizer.jpg\" alt=\"03_4728 (FILEminimizer)\" width=\"1150\" height=\"768\"><\/a> <a href=\"https:\/\/steinmuehle.de\/wp-content\/uploads\/2015\/05\/04_4729-FILEminimizer.jpg\"><img loading=\"lazy\" decoding=\"async\" class=\"alignnone size-full wp-image-4834\" src=\"https:\/\/steinmuehle.de\/wp-content\/uploads\/2015\/05\/04_4729-FILEminimizer.jpg\" alt=\"04_4729 (FILEminimizer)\" width=\"1150\" height=\"768\"><\/a> <a href=\"https:\/\/steinmuehle.de\/wp-content\/uploads\/2015\/05\/05_4743-FILEminimizer.jpg\"><img loading=\"lazy\" decoding=\"async\" class=\"alignnone size-full wp-image-4835\" src=\"https:\/\/steinmuehle.de\/wp-content\/uploads\/2015\/05\/05_4743-FILEminimizer.jpg\" alt=\"05_4743 (FILEminimizer)\" width=\"1150\" height=\"768\"><\/a> <a href=\"https:\/\/steinmuehle.de\/wp-content\/uploads\/2015\/05\/06_4745-FILEminimizer.jpg\"><img loading=\"lazy\" decoding=\"async\" class=\"alignnone size-full wp-image-4836\" src=\"https:\/\/steinmuehle.de\/wp-content\/uploads\/2015\/05\/06_4745-FILEminimizer.jpg\" alt=\"06_4745 (FILEminimizer)\" width=\"1150\" height=\"768\"><\/a> <a href=\"https:\/\/steinmuehle.de\/wp-content\/uploads\/2015\/05\/07_4746-FILEminimizer.jpg\"><img loading=\"lazy\" decoding=\"async\" class=\"alignnone size-full wp-image-4837\" src=\"https:\/\/steinmuehle.de\/wp-content\/uploads\/2015\/05\/07_4746-FILEminimizer.jpg\" alt=\"07_4746 (FILEminimizer)\" width=\"1150\" height=\"768\"><\/a> <a href=\"https:\/\/steinmuehle.de\/wp-content\/uploads\/2015\/05\/08_1417-FILEminimizer.jpg\"><img loading=\"lazy\" decoding=\"async\" class=\"alignnone size-full wp-image-4838\" src=\"https:\/\/steinmuehle.de\/wp-content\/uploads\/2015\/05\/08_1417-FILEminimizer.jpg\" alt=\"08_1417 (FILEminimizer)\" width=\"1024\" height=\"768\"><\/a> <a href=\"https:\/\/steinmuehle.de\/wp-content\/uploads\/2015\/05\/09_1420-FILEminimizer.jpg\"><img loading=\"lazy\" decoding=\"async\" class=\"alignnone size-full wp-image-4839\" src=\"https:\/\/steinmuehle.de\/wp-content\/uploads\/2015\/05\/09_1420-FILEminimizer.jpg\" alt=\"09_1420 (FILEminimizer)\" width=\"1024\" height=\"768\"><\/a> <a href=\"https:\/\/steinmuehle.de\/wp-content\/uploads\/2015\/05\/10_4718-FILEminimizer.jpg\"><img loading=\"lazy\" decoding=\"async\" class=\"alignnone size-full wp-image-4840\" src=\"https:\/\/steinmuehle.de\/wp-content\/uploads\/2015\/05\/10_4718-FILEminimizer.jpg\" alt=\"10_4718 (FILEminimizer)\" width=\"1150\" height=\"768\"><\/a><\/p>\n","protected":false},"excerpt":{"rendered":"<p>C&rsquo;est par un \u00ab temps magnifique \u00bb que les \u00e9l\u00e8ves des classes de 5e et 6e ont pu participer \u00e0 la course de printemps de cette ann\u00e9e. Cette manifestation d&rsquo;athl\u00e9tisme comprenait une \u00e9preuve individuelle sur le circuit \u00ab Bootshausrunde \u00bb, long de 1 300 m, suivie d&rsquo;\u00e9preuves de relais. Les \u00e9l\u00e8ves se sont \u00e0 nouveau [&hellip;]<\/p>\n","protected":false},"author":11,"featured_media":0,"comment_status":"closed","ping_status":"open","sticky":false,"template":"","format":"standard","meta":{"_acf_changed":false,"footnotes":""},"categories":[147,238],"tags":[],"class_list":["post-56594","post","type-post","status-publish","format-standard","hentry","category-actualites","category-archives"],"acf":[],"yoast_head":"<!-- This site is optimized with the Yoast SEO Premium plugin v28.1 (Yoast SEO v28.3) - https:\/\/yoast.com\/product\/yoast-seo-premium-wordpress\/ -->\n<title>La m\u00e9t\u00e9o a contribu\u00e9 \u00e0 cr\u00e9er une ambiance sportive et printani\u00e8re lors de la course de printemps 2015 des classes de 5e et 6e - Steinm\u00fchle \u2013 Schule &amp; Internat<\/title>\n<meta name=\"robots\" content=\"index, follow, max-snippet:-1, max-image-preview:large, max-video-preview:-1\" \/>\n<link rel=\"canonical\" href=\"https:\/\/steinmuehle.de\/fr\/blog\/2015\/05\/22\/la-meteo-a-contribue-a-creer-une-ambiance-sportive-et-printaniere-lors-de-la-course-de-printemps-2015-des-classes-de-5e-et-6e\/\" \/>\n<meta property=\"og:locale\" content=\"fr_FR\" \/>\n<meta property=\"og:type\" content=\"article\" \/>\n<meta property=\"og:title\" content=\"La m\u00e9t\u00e9o a contribu\u00e9 \u00e0 cr\u00e9er une ambiance sportive et printani\u00e8re lors de la course de printemps 2015 des classes de 5e et 6e\" \/>\n<meta property=\"og:description\" content=\"C&rsquo;est par un \u00ab temps magnifique \u00bb que les \u00e9l\u00e8ves des classes de 5e et 6e ont pu participer \u00e0 la course de printemps de cette ann\u00e9e. Cette manifestation d&rsquo;athl\u00e9tisme comprenait une \u00e9preuve individuelle sur le circuit \u00ab Bootshausrunde \u00bb, long de 1 300 m, suivie d&rsquo;\u00e9preuves de relais. Les \u00e9l\u00e8ves se sont \u00e0 nouveau [&hellip;]\" \/>\n<meta property=\"og:url\" content=\"https:\/\/steinmuehle.de\/fr\/blog\/2015\/05\/22\/la-meteo-a-contribue-a-creer-une-ambiance-sportive-et-printaniere-lors-de-la-course-de-printemps-2015-des-classes-de-5e-et-6e\/\" \/>\n<meta property=\"og:site_name\" content=\"Steinm\u00fchle \u2013 Schule &amp; Internat\" \/>\n<meta property=\"article:publisher\" content=\"https:\/\/www.facebook.com\/steinmuehle\/\" \/>\n<meta property=\"article:published_time\" content=\"2015-05-22T05:57:05+00:00\" \/>\n<meta name=\"author\" content=\"konnertz\" \/>\n<meta name=\"twitter:card\" content=\"summary_large_image\" \/>\n<meta name=\"twitter:label1\" content=\"\u00c9crit par\" \/>\n\t<meta name=\"twitter:data1\" content=\"konnertz\" \/>\n\t<meta name=\"twitter:label2\" content=\"Dur\u00e9e de lecture estim\u00e9e\" \/>\n\t<meta name=\"twitter:data2\" content=\"1 minute\" \/>\n<script type=\"application\/ld+json\" class=\"yoast-schema-graph\">{\"@context\":\"https:\\\/\\\/schema.org\",\"@graph\":[{\"@type\":\"Article\",\"@id\":\"https:\\\/\\\/steinmuehle.de\\\/fr\\\/blog\\\/2015\\\/05\\\/22\\\/la-meteo-a-contribue-a-creer-une-ambiance-sportive-et-printaniere-lors-de-la-course-de-printemps-2015-des-classes-de-5e-et-6e\\\/#article\",\"isPartOf\":{\"@id\":\"https:\\\/\\\/steinmuehle.de\\\/fr\\\/blog\\\/2015\\\/05\\\/22\\\/la-meteo-a-contribue-a-creer-une-ambiance-sportive-et-printaniere-lors-de-la-course-de-printemps-2015-des-classes-de-5e-et-6e\\\/\"},\"author\":{\"name\":\"konnertz\",\"@id\":\"https:\\\/\\\/steinmuehle.de\\\/fr\\\/#\\\/schema\\\/person\\\/d5cb9777474a42e745a3e659f25fa67a\"},\"headline\":\"La m\u00e9t\u00e9o a contribu\u00e9 \u00e0 cr\u00e9er une ambiance sportive et printani\u00e8re lors de la course de printemps 2015 des classes de 5e et 6e\",\"datePublished\":\"2015-05-22T05:57:05+00:00\",\"mainEntityOfPage\":{\"@id\":\"https:\\\/\\\/steinmuehle.de\\\/fr\\\/blog\\\/2015\\\/05\\\/22\\\/la-meteo-a-contribue-a-creer-une-ambiance-sportive-et-printaniere-lors-de-la-course-de-printemps-2015-des-classes-de-5e-et-6e\\\/\"},\"wordCount\":249,\"publisher\":{\"@id\":\"https:\\\/\\\/steinmuehle.de\\\/fr\\\/#organization\"},\"image\":{\"@id\":\"https:\\\/\\\/steinmuehle.de\\\/fr\\\/blog\\\/2015\\\/05\\\/22\\\/la-meteo-a-contribue-a-creer-une-ambiance-sportive-et-printaniere-lors-de-la-course-de-printemps-2015-des-classes-de-5e-et-6e\\\/#primaryimage\"},\"thumbnailUrl\":\"https:\\\/\\\/steinmuehle.de\\\/wp-content\\\/uploads\\\/2015\\\/05\\\/01_4722-FILEminimizer.jpg\",\"articleSection\":[\"Actualit\u00e9s\",\"Archives\"],\"inLanguage\":\"fr-FR\"},{\"@type\":\"WebPage\",\"@id\":\"https:\\\/\\\/steinmuehle.de\\\/fr\\\/blog\\\/2015\\\/05\\\/22\\\/la-meteo-a-contribue-a-creer-une-ambiance-sportive-et-printaniere-lors-de-la-course-de-printemps-2015-des-classes-de-5e-et-6e\\\/\",\"url\":\"https:\\\/\\\/steinmuehle.de\\\/fr\\\/blog\\\/2015\\\/05\\\/22\\\/la-meteo-a-contribue-a-creer-une-ambiance-sportive-et-printaniere-lors-de-la-course-de-printemps-2015-des-classes-de-5e-et-6e\\\/\",\"name\":\"La m\u00e9t\u00e9o a contribu\u00e9 \u00e0 cr\u00e9er une ambiance sportive et printani\u00e8re lors de la course de printemps 2015 des classes de 5e et 6e - Steinm\u00fchle \u2013 Schule &amp; Internat\",\"isPartOf\":{\"@id\":\"https:\\\/\\\/steinmuehle.de\\\/fr\\\/#website\"},\"primaryImageOfPage\":{\"@id\":\"https:\\\/\\\/steinmuehle.de\\\/fr\\\/blog\\\/2015\\\/05\\\/22\\\/la-meteo-a-contribue-a-creer-une-ambiance-sportive-et-printaniere-lors-de-la-course-de-printemps-2015-des-classes-de-5e-et-6e\\\/#primaryimage\"},\"image\":{\"@id\":\"https:\\\/\\\/steinmuehle.de\\\/fr\\\/blog\\\/2015\\\/05\\\/22\\\/la-meteo-a-contribue-a-creer-une-ambiance-sportive-et-printaniere-lors-de-la-course-de-printemps-2015-des-classes-de-5e-et-6e\\\/#primaryimage\"},\"thumbnailUrl\":\"https:\\\/\\\/steinmuehle.de\\\/wp-content\\\/uploads\\\/2015\\\/05\\\/01_4722-FILEminimizer.jpg\",\"datePublished\":\"2015-05-22T05:57:05+00:00\",\"breadcrumb\":{\"@id\":\"https:\\\/\\\/steinmuehle.de\\\/fr\\\/blog\\\/2015\\\/05\\\/22\\\/la-meteo-a-contribue-a-creer-une-ambiance-sportive-et-printaniere-lors-de-la-course-de-printemps-2015-des-classes-de-5e-et-6e\\\/#breadcrumb\"},\"inLanguage\":\"fr-FR\",\"potentialAction\":[{\"@type\":\"ReadAction\",\"target\":[\"https:\\\/\\\/steinmuehle.de\\\/fr\\\/blog\\\/2015\\\/05\\\/22\\\/la-meteo-a-contribue-a-creer-une-ambiance-sportive-et-printaniere-lors-de-la-course-de-printemps-2015-des-classes-de-5e-et-6e\\\/\"]}]},{\"@type\":\"ImageObject\",\"inLanguage\":\"fr-FR\",\"@id\":\"https:\\\/\\\/steinmuehle.de\\\/fr\\\/blog\\\/2015\\\/05\\\/22\\\/la-meteo-a-contribue-a-creer-une-ambiance-sportive-et-printaniere-lors-de-la-course-de-printemps-2015-des-classes-de-5e-et-6e\\\/#primaryimage\",\"url\":\"https:\\\/\\\/steinmuehle.de\\\/wp-content\\\/uploads\\\/2015\\\/05\\\/01_4722-FILEminimizer.jpg\",\"contentUrl\":\"https:\\\/\\\/steinmuehle.de\\\/wp-content\\\/uploads\\\/2015\\\/05\\\/01_4722-FILEminimizer.jpg\"},{\"@type\":\"BreadcrumbList\",\"@id\":\"https:\\\/\\\/steinmuehle.de\\\/fr\\\/blog\\\/2015\\\/05\\\/22\\\/la-meteo-a-contribue-a-creer-une-ambiance-sportive-et-printaniere-lors-de-la-course-de-printemps-2015-des-classes-de-5e-et-6e\\\/#breadcrumb\",\"itemListElement\":[{\"@type\":\"ListItem\",\"position\":1,\"name\":\"Start\",\"item\":\"https:\\\/\\\/steinmuehle.de\\\/fr\\\/page-daccueil\\\/\"},{\"@type\":\"ListItem\",\"position\":2,\"name\":\"La m\u00e9t\u00e9o a contribu\u00e9 \u00e0 cr\u00e9er une ambiance sportive et printani\u00e8re lors de la course de printemps 2015 des classes de 5e et 6e\"}]},{\"@type\":\"WebSite\",\"@id\":\"https:\\\/\\\/steinmuehle.de\\\/fr\\\/#website\",\"url\":\"https:\\\/\\\/steinmuehle.de\\\/fr\\\/\",\"name\":\"Steinm\u00fchle \u2013 Schule & Internat\",\"description\":\"\",\"publisher\":{\"@id\":\"https:\\\/\\\/steinmuehle.de\\\/fr\\\/#organization\"},\"potentialAction\":[{\"@type\":\"SearchAction\",\"target\":{\"@type\":\"EntryPoint\",\"urlTemplate\":\"https:\\\/\\\/steinmuehle.de\\\/fr\\\/?s={search_term_string}\"},\"query-input\":{\"@type\":\"PropertyValueSpecification\",\"valueRequired\":true,\"valueName\":\"search_term_string\"}}],\"inLanguage\":\"fr-FR\"},{\"@type\":\"Organization\",\"@id\":\"https:\\\/\\\/steinmuehle.de\\\/fr\\\/#organization\",\"name\":\"Steinm\u00fchle \u2013 Schule & Internat\",\"url\":\"https:\\\/\\\/steinmuehle.de\\\/fr\\\/\",\"logo\":{\"@type\":\"ImageObject\",\"inLanguage\":\"fr-FR\",\"@id\":\"https:\\\/\\\/steinmuehle.de\\\/fr\\\/#\\\/schema\\\/logo\\\/image\\\/\",\"url\":\"https:\\\/\\\/steinmuehle.de\\\/wp-content\\\/uploads\\\/sites\\\/5\\\/2025\\\/11\\\/Logo_SchuleInternat_Steinmuehle_2026_3.png\",\"contentUrl\":\"https:\\\/\\\/steinmuehle.de\\\/wp-content\\\/uploads\\\/sites\\\/5\\\/2025\\\/11\\\/Logo_SchuleInternat_Steinmuehle_2026_3.png\",\"width\":450,\"height\":165,\"caption\":\"Steinm\u00fchle \u2013 Schule & Internat\"},\"image\":{\"@id\":\"https:\\\/\\\/steinmuehle.de\\\/fr\\\/#\\\/schema\\\/logo\\\/image\\\/\"},\"sameAs\":[\"https:\\\/\\\/www.facebook.com\\\/steinmuehle\\\/\",\"https:\\\/\\\/www.instagram.com\\\/steinmuehle\\\/\",\"https:\\\/\\\/www.linkedin.com\\\/school\\\/steinmuehle\\\/\"]},{\"@type\":\"Person\",\"@id\":\"https:\\\/\\\/steinmuehle.de\\\/fr\\\/#\\\/schema\\\/person\\\/d5cb9777474a42e745a3e659f25fa67a\",\"name\":\"konnertz\",\"image\":{\"@type\":\"ImageObject\",\"inLanguage\":\"fr-FR\",\"@id\":\"\\\/\\\/www.gravatar.com\\\/avatar\\\/b3083e3434f4e2c464a6d24113a38c24?s=96&#038;r=g&#038;d=mm\",\"url\":\"\\\/\\\/www.gravatar.com\\\/avatar\\\/b3083e3434f4e2c464a6d24113a38c24?s=96&#038;r=g&#038;d=mm\",\"contentUrl\":\"\\\/\\\/www.gravatar.com\\\/avatar\\\/b3083e3434f4e2c464a6d24113a38c24?s=96&#038;r=g&#038;d=mm\",\"caption\":\"konnertz\"},\"url\":\"https:\\\/\\\/steinmuehle.de\\\/fr\\\/blog\\\/author\\\/konnertz\\\/\"}]}<\/script>\n<!-- \/ Yoast SEO Premium plugin. -->","yoast_head_json":{"title":"La m\u00e9t\u00e9o a contribu\u00e9 \u00e0 cr\u00e9er une ambiance sportive et printani\u00e8re lors de la course de printemps 2015 des classes de 5e et 6e - Steinm\u00fchle \u2013 Schule &amp; Internat","robots":{"index":"index","follow":"follow","max-snippet":"max-snippet:-1","max-image-preview":"max-image-preview:large","max-video-preview":"max-video-preview:-1"},"canonical":"https:\/\/steinmuehle.de\/fr\/blog\/2015\/05\/22\/la-meteo-a-contribue-a-creer-une-ambiance-sportive-et-printaniere-lors-de-la-course-de-printemps-2015-des-classes-de-5e-et-6e\/","og_locale":"fr_FR","og_type":"article","og_title":"La m\u00e9t\u00e9o a contribu\u00e9 \u00e0 cr\u00e9er une ambiance sportive et printani\u00e8re lors de la course de printemps 2015 des classes de 5e et 6e","og_description":"C&rsquo;est par un \u00ab temps magnifique \u00bb que les \u00e9l\u00e8ves des classes de 5e et 6e ont pu participer \u00e0 la course de printemps de cette ann\u00e9e. Cette manifestation d&rsquo;athl\u00e9tisme comprenait une \u00e9preuve individuelle sur le circuit \u00ab Bootshausrunde \u00bb, long de 1 300 m, suivie d&rsquo;\u00e9preuves de relais. Les \u00e9l\u00e8ves se sont \u00e0 nouveau [&hellip;]","og_url":"https:\/\/steinmuehle.de\/fr\/blog\/2015\/05\/22\/la-meteo-a-contribue-a-creer-une-ambiance-sportive-et-printaniere-lors-de-la-course-de-printemps-2015-des-classes-de-5e-et-6e\/","og_site_name":"Steinm\u00fchle \u2013 Schule &amp; Internat","article_publisher":"https:\/\/www.facebook.com\/steinmuehle\/","article_published_time":"2015-05-22T05:57:05+00:00","author":"konnertz","twitter_card":"summary_large_image","twitter_misc":{"\u00c9crit par":"konnertz","Dur\u00e9e de lecture estim\u00e9e":"1 minute"},"schema":{"@context":"https:\/\/schema.org","@graph":[{"@type":"Article","@id":"https:\/\/steinmuehle.de\/fr\/blog\/2015\/05\/22\/la-meteo-a-contribue-a-creer-une-ambiance-sportive-et-printaniere-lors-de-la-course-de-printemps-2015-des-classes-de-5e-et-6e\/#article","isPartOf":{"@id":"https:\/\/steinmuehle.de\/fr\/blog\/2015\/05\/22\/la-meteo-a-contribue-a-creer-une-ambiance-sportive-et-printaniere-lors-de-la-course-de-printemps-2015-des-classes-de-5e-et-6e\/"},"author":{"name":"konnertz","@id":"https:\/\/steinmuehle.de\/fr\/#\/schema\/person\/d5cb9777474a42e745a3e659f25fa67a"},"headline":"La m\u00e9t\u00e9o a contribu\u00e9 \u00e0 cr\u00e9er une ambiance sportive et printani\u00e8re lors de la course de printemps 2015 des classes de 5e et 6e","datePublished":"2015-05-22T05:57:05+00:00","mainEntityOfPage":{"@id":"https:\/\/steinmuehle.de\/fr\/blog\/2015\/05\/22\/la-meteo-a-contribue-a-creer-une-ambiance-sportive-et-printaniere-lors-de-la-course-de-printemps-2015-des-classes-de-5e-et-6e\/"},"wordCount":249,"publisher":{"@id":"https:\/\/steinmuehle.de\/fr\/#organization"},"image":{"@id":"https:\/\/steinmuehle.de\/fr\/blog\/2015\/05\/22\/la-meteo-a-contribue-a-creer-une-ambiance-sportive-et-printaniere-lors-de-la-course-de-printemps-2015-des-classes-de-5e-et-6e\/#primaryimage"},"thumbnailUrl":"https:\/\/steinmuehle.de\/wp-content\/uploads\/2015\/05\/01_4722-FILEminimizer.jpg","articleSection":["Actualit\u00e9s","Archives"],"inLanguage":"fr-FR"},{"@type":"WebPage","@id":"https:\/\/steinmuehle.de\/fr\/blog\/2015\/05\/22\/la-meteo-a-contribue-a-creer-une-ambiance-sportive-et-printaniere-lors-de-la-course-de-printemps-2015-des-classes-de-5e-et-6e\/","url":"https:\/\/steinmuehle.de\/fr\/blog\/2015\/05\/22\/la-meteo-a-contribue-a-creer-une-ambiance-sportive-et-printaniere-lors-de-la-course-de-printemps-2015-des-classes-de-5e-et-6e\/","name":"La m\u00e9t\u00e9o a contribu\u00e9 \u00e0 cr\u00e9er une ambiance sportive et printani\u00e8re lors de la course de printemps 2015 des classes de 5e et 6e - Steinm\u00fchle \u2013 Schule &amp; Internat","isPartOf":{"@id":"https:\/\/steinmuehle.de\/fr\/#website"},"primaryImageOfPage":{"@id":"https:\/\/steinmuehle.de\/fr\/blog\/2015\/05\/22\/la-meteo-a-contribue-a-creer-une-ambiance-sportive-et-printaniere-lors-de-la-course-de-printemps-2015-des-classes-de-5e-et-6e\/#primaryimage"},"image":{"@id":"https:\/\/steinmuehle.de\/fr\/blog\/2015\/05\/22\/la-meteo-a-contribue-a-creer-une-ambiance-sportive-et-printaniere-lors-de-la-course-de-printemps-2015-des-classes-de-5e-et-6e\/#primaryimage"},"thumbnailUrl":"https:\/\/steinmuehle.de\/wp-content\/uploads\/2015\/05\/01_4722-FILEminimizer.jpg","datePublished":"2015-05-22T05:57:05+00:00","breadcrumb":{"@id":"https:\/\/steinmuehle.de\/fr\/blog\/2015\/05\/22\/la-meteo-a-contribue-a-creer-une-ambiance-sportive-et-printaniere-lors-de-la-course-de-printemps-2015-des-classes-de-5e-et-6e\/#breadcrumb"},"inLanguage":"fr-FR","potentialAction":[{"@type":"ReadAction","target":["https:\/\/steinmuehle.de\/fr\/blog\/2015\/05\/22\/la-meteo-a-contribue-a-creer-une-ambiance-sportive-et-printaniere-lors-de-la-course-de-printemps-2015-des-classes-de-5e-et-6e\/"]}]},{"@type":"ImageObject","inLanguage":"fr-FR","@id":"https:\/\/steinmuehle.de\/fr\/blog\/2015\/05\/22\/la-meteo-a-contribue-a-creer-une-ambiance-sportive-et-printaniere-lors-de-la-course-de-printemps-2015-des-classes-de-5e-et-6e\/#primaryimage","url":"https:\/\/steinmuehle.de\/wp-content\/uploads\/2015\/05\/01_4722-FILEminimizer.jpg","contentUrl":"https:\/\/steinmuehle.de\/wp-content\/uploads\/2015\/05\/01_4722-FILEminimizer.jpg"},{"@type":"BreadcrumbList","@id":"https:\/\/steinmuehle.de\/fr\/blog\/2015\/05\/22\/la-meteo-a-contribue-a-creer-une-ambiance-sportive-et-printaniere-lors-de-la-course-de-printemps-2015-des-classes-de-5e-et-6e\/#breadcrumb","itemListElement":[{"@type":"ListItem","position":1,"name":"Start","item":"https:\/\/steinmuehle.de\/fr\/page-daccueil\/"},{"@type":"ListItem","position":2,"name":"La m\u00e9t\u00e9o a contribu\u00e9 \u00e0 cr\u00e9er une ambiance sportive et printani\u00e8re lors de la course de printemps 2015 des classes de 5e et 6e"}]},{"@type":"WebSite","@id":"https:\/\/steinmuehle.de\/fr\/#website","url":"https:\/\/steinmuehle.de\/fr\/","name":"Steinm\u00fchle \u2013 Schule & Internat","description":"","publisher":{"@id":"https:\/\/steinmuehle.de\/fr\/#organization"},"potentialAction":[{"@type":"SearchAction","target":{"@type":"EntryPoint","urlTemplate":"https:\/\/steinmuehle.de\/fr\/?s={search_term_string}"},"query-input":{"@type":"PropertyValueSpecification","valueRequired":true,"valueName":"search_term_string"}}],"inLanguage":"fr-FR"},{"@type":"Organization","@id":"https:\/\/steinmuehle.de\/fr\/#organization","name":"Steinm\u00fchle \u2013 Schule & Internat","url":"https:\/\/steinmuehle.de\/fr\/","logo":{"@type":"ImageObject","inLanguage":"fr-FR","@id":"https:\/\/steinmuehle.de\/fr\/#\/schema\/logo\/image\/","url":"https:\/\/steinmuehle.de\/wp-content\/uploads\/sites\/5\/2025\/11\/Logo_SchuleInternat_Steinmuehle_2026_3.png","contentUrl":"https:\/\/steinmuehle.de\/wp-content\/uploads\/sites\/5\/2025\/11\/Logo_SchuleInternat_Steinmuehle_2026_3.png","width":450,"height":165,"caption":"Steinm\u00fchle \u2013 Schule & Internat"},"image":{"@id":"https:\/\/steinmuehle.de\/fr\/#\/schema\/logo\/image\/"},"sameAs":["https:\/\/www.facebook.com\/steinmuehle\/","https:\/\/www.instagram.com\/steinmuehle\/","https:\/\/www.linkedin.com\/school\/steinmuehle\/"]},{"@type":"Person","@id":"https:\/\/steinmuehle.de\/fr\/#\/schema\/person\/d5cb9777474a42e745a3e659f25fa67a","name":"konnertz","image":{"@type":"ImageObject","inLanguage":"fr-FR","@id":"\/\/www.gravatar.com\/avatar\/b3083e3434f4e2c464a6d24113a38c24?s=96&#038;r=g&#038;d=mm","url":"\/\/www.gravatar.com\/avatar\/b3083e3434f4e2c464a6d24113a38c24?s=96&#038;r=g&#038;d=mm","contentUrl":"\/\/www.gravatar.com\/avatar\/b3083e3434f4e2c464a6d24113a38c24?s=96&#038;r=g&#038;d=mm","caption":"konnertz"},"url":"https:\/\/steinmuehle.de\/fr\/blog\/author\/konnertz\/"}]}},"_links":{"self":[{"href":"https:\/\/steinmuehle.de\/fr\/wp-json\/wp\/v2\/posts\/56594","targetHints":{"allow":["GET"]}}],"collection":[{"href":"https:\/\/steinmuehle.de\/fr\/wp-json\/wp\/v2\/posts"}],"about":[{"href":"https:\/\/steinmuehle.de\/fr\/wp-json\/wp\/v2\/types\/post"}],"author":[{"embeddable":true,"href":"https:\/\/steinmuehle.de\/fr\/wp-json\/wp\/v2\/users\/11"}],"replies":[{"embeddable":true,"href":"https:\/\/steinmuehle.de\/fr\/wp-json\/wp\/v2\/comments?post=56594"}],"version-history":[{"count":0,"href":"https:\/\/steinmuehle.de\/fr\/wp-json\/wp\/v2\/posts\/56594\/revisions"}],"wp:attachment":[{"href":"https:\/\/steinmuehle.de\/fr\/wp-json\/wp\/v2\/media?parent=56594"}],"wp:term":[{"taxonomy":"category","embeddable":true,"href":"https:\/\/steinmuehle.de\/fr\/wp-json\/wp\/v2\/categories?post=56594"},{"taxonomy":"post_tag","embeddable":true,"href":"https:\/\/steinmuehle.de\/fr\/wp-json\/wp\/v2\/tags?post=56594"}],"curies":[{"name":"wp","href":"https:\/\/api.w.org\/{rel}","templated":true}]}}