{"id":52859,"date":"2025-11-15T18:12:50","date_gmt":"2025-11-15T17:12:50","guid":{"rendered":"https:\/\/test.steinmuehle.de\/blog\/2025\/11\/15\/des-conseils-issus-de-la-pratique-et-des-informations-de-premiere-main-lors-de-la-journee-dorientation-professionnelle\/"},"modified":"2025-11-15T18:12:50","modified_gmt":"2025-11-15T17:12:50","slug":"des-conseils-issus-de-la-pratique-et-des-informations-de-premiere-main-lors-de-la-journee-dorientation-professionnelle","status":"publish","type":"post","link":"https:\/\/steinmuehle.de\/fr\/blog\/2025\/11\/15\/des-conseils-issus-de-la-pratique-et-des-informations-de-premiere-main-lors-de-la-journee-dorientation-professionnelle\/","title":{"rendered":"Des conseils issus de la pratique et des informations de premi\u00e8re main lors de la journ\u00e9e d&rsquo;orientation professionnelle"},"content":{"rendered":"<p>Depuis pas moins de 28 ans, le lyc\u00e9e Steinm\u00fchle organise chaque mois de novembre une journ\u00e9e d\u2019information sur les m\u00e9tiers \u2013 un \u00e9v\u00e9nement \u00e0 succ\u00e8s organis\u00e9 en collaboration avec le Rotary Club de Marburg-Schloss. Cette fois encore, nos remerciements ne s\u2019adressent pas uniquement aux organisateurs : Mme Claudia R\u00f6der, enseignante \u00e0 la Steinm\u00fchle, et M. Hans-Heinrich B\u00e4hr, du service des professions du Rotary. Nous remercions \u00e9galement les repr\u00e9sentants des nombreux m\u00e9tiers qui ont r\u00e9pondu avec tant d\u2019engagement aux questions de nos \u00e9l\u00e8ves de terminale.  <\/p>\n<p>&nbsp;<\/p>\n<p><strong>Informations, id\u00e9es et r\u00e9flexions  <\/strong><\/p>\n<p>Apr\u00e8s l&rsquo;allocution d&rsquo;ouverture prononc\u00e9e par le proviseur Bj\u00f6rn Gemmer, les m\u00e9tiers et secteurs suivants se sont pr\u00e9sent\u00e9s au cours de la soir\u00e9e, r\u00e9partis en trois sessions : avocat(e), gestion d&rsquo;entreprise, dentiste, m\u00e9decin, psychologue, soci\u00e9t\u00e9 de d\u00e9veloppement de logiciels, conseiller(\u00e8re) fiscal(e) &#8211; expert(e)-comptable, finance\/caisses d&rsquo;\u00e9pargne\/banques, ann\u00e9e sociale, service de police, pilote, arm\u00e9e allemande, cursus en alternance \u00e0 la THM, journaliste, politologue, science des mat\u00e9riaux, physique, agence de publicit\u00e9\/m\u00e9dias, architecture.<\/p>\n<p>Il ne fait aucun doute que nos \u00e9l\u00e8ves sont rentr\u00e9s chez eux avec de nombreuses informations pr\u00e9cieuses, quelques id\u00e9es nouvelles ou une nouvelle perspective concernant leur futur choix de carri\u00e8re.<\/p>\n<p>Ch\u00e8res entrepreneuses, chers entrepreneurs ou leurs repr\u00e9sentants : merci d&rsquo;avoir enrichi cette soir\u00e9e d&rsquo;information destin\u00e9e aux jeunes ! Nos photos pr\u00e9sentent une s\u00e9lection de participants. <\/p>\n<p><img loading=\"lazy\" decoding=\"async\" class=\"alignnone wp-image-37296 size-large\" src=\"https:\/\/steinmuehle.de\/wp-content\/uploads\/2025\/11\/IMG_0388-1-773x1030.jpg\" alt=\"\" width=\"773\" height=\"1030\"><img loading=\"lazy\" decoding=\"async\" class=\"alignnone wp-image-37301 size-large\" src=\"https:\/\/steinmuehle.de\/wp-content\/uploads\/sites\/5\/2025\/11\/IMG_0401-1-1030x773.jpg\" alt=\"\" width=\"1030\" height=\"773\" srcset=\"https:\/\/steinmuehle.de\/wp-content\/uploads\/sites\/5\/2025\/11\/IMG_0401-1-1030x773.jpg 1030w, https:\/\/steinmuehle.de\/wp-content\/uploads\/sites\/5\/2025\/11\/IMG_0401-1-300x225.jpg 300w, https:\/\/steinmuehle.de\/wp-content\/uploads\/sites\/5\/2025\/11\/IMG_0401-1-768x576.jpg 768w, https:\/\/steinmuehle.de\/wp-content\/uploads\/sites\/5\/2025\/11\/IMG_0401-1-1536x1152.jpg 1536w, https:\/\/steinmuehle.de\/wp-content\/uploads\/sites\/5\/2025\/11\/IMG_0401-1-scaled.jpg 1500w, https:\/\/steinmuehle.de\/wp-content\/uploads\/sites\/5\/2025\/11\/IMG_0401-1-705x529.jpg 705w, https:\/\/steinmuehle.de\/wp-content\/uploads\/sites\/5\/2025\/11\/IMG_0401-1-24x18.jpg 24w, https:\/\/steinmuehle.de\/wp-content\/uploads\/sites\/5\/2025\/11\/IMG_0401-1-36x27.jpg 36w, https:\/\/steinmuehle.de\/wp-content\/uploads\/sites\/5\/2025\/11\/IMG_0401-1-48x36.jpg 48w\" sizes=\"auto, (max-width: 1030px) 100vw, 1030px\" \/><img loading=\"lazy\" decoding=\"async\" class=\"alignnone wp-image-37307 size-large\" src=\"https:\/\/steinmuehle.de\/wp-content\/uploads\/sites\/5\/2025\/11\/IMG_0415-1030x773.jpg\" alt=\"\" width=\"1030\" height=\"773\" srcset=\"https:\/\/steinmuehle.de\/wp-content\/uploads\/sites\/5\/2025\/11\/IMG_0415-1030x773.jpg 1030w, https:\/\/steinmuehle.de\/wp-content\/uploads\/sites\/5\/2025\/11\/IMG_0415-300x225.jpg 300w, https:\/\/steinmuehle.de\/wp-content\/uploads\/sites\/5\/2025\/11\/IMG_0415-768x576.jpg 768w, https:\/\/steinmuehle.de\/wp-content\/uploads\/sites\/5\/2025\/11\/IMG_0415-1536x1152.jpg 1536w, https:\/\/steinmuehle.de\/wp-content\/uploads\/sites\/5\/2025\/11\/IMG_0415-scaled.jpg 1500w, https:\/\/steinmuehle.de\/wp-content\/uploads\/sites\/5\/2025\/11\/IMG_0415-705x529.jpg 705w, https:\/\/steinmuehle.de\/wp-content\/uploads\/sites\/5\/2025\/11\/IMG_0415-24x18.jpg 24w, https:\/\/steinmuehle.de\/wp-content\/uploads\/sites\/5\/2025\/11\/IMG_0415-36x27.jpg 36w, https:\/\/steinmuehle.de\/wp-content\/uploads\/sites\/5\/2025\/11\/IMG_0415-48x36.jpg 48w\" sizes=\"auto, (max-width: 1030px) 100vw, 1030px\" \/><img loading=\"lazy\" decoding=\"async\" class=\"alignnone wp-image-37306 size-large\" src=\"https:\/\/steinmuehle.de\/wp-content\/uploads\/sites\/5\/2025\/11\/IMG_0433-1-1030x773.jpg\" alt=\"\" width=\"1030\" height=\"773\" srcset=\"https:\/\/steinmuehle.de\/wp-content\/uploads\/sites\/5\/2025\/11\/IMG_0433-1-1030x773.jpg 1030w, https:\/\/steinmuehle.de\/wp-content\/uploads\/sites\/5\/2025\/11\/IMG_0433-1-300x225.jpg 300w, https:\/\/steinmuehle.de\/wp-content\/uploads\/sites\/5\/2025\/11\/IMG_0433-1-768x576.jpg 768w, https:\/\/steinmuehle.de\/wp-content\/uploads\/sites\/5\/2025\/11\/IMG_0433-1-1536x1152.jpg 1536w, https:\/\/steinmuehle.de\/wp-content\/uploads\/sites\/5\/2025\/11\/IMG_0433-1-scaled.jpg 1500w, https:\/\/steinmuehle.de\/wp-content\/uploads\/sites\/5\/2025\/11\/IMG_0433-1-705x529.jpg 705w, https:\/\/steinmuehle.de\/wp-content\/uploads\/sites\/5\/2025\/11\/IMG_0433-1-24x18.jpg 24w, https:\/\/steinmuehle.de\/wp-content\/uploads\/sites\/5\/2025\/11\/IMG_0433-1-36x27.jpg 36w, https:\/\/steinmuehle.de\/wp-content\/uploads\/sites\/5\/2025\/11\/IMG_0433-1-48x36.jpg 48w\" sizes=\"auto, (max-width: 1030px) 100vw, 1030px\" \/><img loading=\"lazy\" decoding=\"async\" class=\"alignnone wp-image-37325 size-large\" src=\"https:\/\/steinmuehle.de\/wp-content\/uploads\/sites\/5\/2025\/11\/IMG_0424-1030x773.jpg\" alt=\"\" width=\"1030\" height=\"773\" srcset=\"https:\/\/steinmuehle.de\/wp-content\/uploads\/sites\/5\/2025\/11\/IMG_0424-1030x773.jpg 1030w, https:\/\/steinmuehle.de\/wp-content\/uploads\/sites\/5\/2025\/11\/IMG_0424-300x225.jpg 300w, https:\/\/steinmuehle.de\/wp-content\/uploads\/sites\/5\/2025\/11\/IMG_0424-768x576.jpg 768w, https:\/\/steinmuehle.de\/wp-content\/uploads\/sites\/5\/2025\/11\/IMG_0424-1536x1152.jpg 1536w, https:\/\/steinmuehle.de\/wp-content\/uploads\/sites\/5\/2025\/11\/IMG_0424-scaled.jpg 1500w, https:\/\/steinmuehle.de\/wp-content\/uploads\/sites\/5\/2025\/11\/IMG_0424-705x529.jpg 705w, https:\/\/steinmuehle.de\/wp-content\/uploads\/sites\/5\/2025\/11\/IMG_0424-24x18.jpg 24w, https:\/\/steinmuehle.de\/wp-content\/uploads\/sites\/5\/2025\/11\/IMG_0424-36x27.jpg 36w, https:\/\/steinmuehle.de\/wp-content\/uploads\/sites\/5\/2025\/11\/IMG_0424-48x36.jpg 48w\" sizes=\"auto, (max-width: 1030px) 100vw, 1030px\" \/><img loading=\"lazy\" decoding=\"async\" class=\"alignnone wp-image-37305 size-large\" src=\"https:\/\/steinmuehle.de\/wp-content\/uploads\/sites\/5\/2025\/11\/IMG_0412-1030x773.jpg\" alt=\"\" width=\"1030\" height=\"773\" srcset=\"https:\/\/steinmuehle.de\/wp-content\/uploads\/sites\/5\/2025\/11\/IMG_0412-1030x773.jpg 1030w, https:\/\/steinmuehle.de\/wp-content\/uploads\/sites\/5\/2025\/11\/IMG_0412-300x225.jpg 300w, https:\/\/steinmuehle.de\/wp-content\/uploads\/sites\/5\/2025\/11\/IMG_0412-768x576.jpg 768w, https:\/\/steinmuehle.de\/wp-content\/uploads\/sites\/5\/2025\/11\/IMG_0412-1536x1152.jpg 1536w, https:\/\/steinmuehle.de\/wp-content\/uploads\/sites\/5\/2025\/11\/IMG_0412-scaled.jpg 1500w, https:\/\/steinmuehle.de\/wp-content\/uploads\/sites\/5\/2025\/11\/IMG_0412-705x529.jpg 705w, https:\/\/steinmuehle.de\/wp-content\/uploads\/sites\/5\/2025\/11\/IMG_0412-24x18.jpg 24w, https:\/\/steinmuehle.de\/wp-content\/uploads\/sites\/5\/2025\/11\/IMG_0412-36x27.jpg 36w, https:\/\/steinmuehle.de\/wp-content\/uploads\/sites\/5\/2025\/11\/IMG_0412-48x36.jpg 48w\" sizes=\"auto, (max-width: 1030px) 100vw, 1030px\" \/><img loading=\"lazy\" decoding=\"async\" class=\"alignnone wp-image-37304 size-large\" src=\"https:\/\/steinmuehle.de\/wp-content\/uploads\/sites\/5\/2025\/11\/IMG_0402-1030x773.jpg\" alt=\"\" width=\"1030\" height=\"773\" srcset=\"https:\/\/steinmuehle.de\/wp-content\/uploads\/sites\/5\/2025\/11\/IMG_0402-1030x773.jpg 1030w, https:\/\/steinmuehle.de\/wp-content\/uploads\/sites\/5\/2025\/11\/IMG_0402-300x225.jpg 300w, https:\/\/steinmuehle.de\/wp-content\/uploads\/sites\/5\/2025\/11\/IMG_0402-768x576.jpg 768w, https:\/\/steinmuehle.de\/wp-content\/uploads\/sites\/5\/2025\/11\/IMG_0402-1536x1152.jpg 1536w, https:\/\/steinmuehle.de\/wp-content\/uploads\/sites\/5\/2025\/11\/IMG_0402-scaled.jpg 1500w, https:\/\/steinmuehle.de\/wp-content\/uploads\/sites\/5\/2025\/11\/IMG_0402-705x529.jpg 705w, https:\/\/steinmuehle.de\/wp-content\/uploads\/sites\/5\/2025\/11\/IMG_0402-24x18.jpg 24w, https:\/\/steinmuehle.de\/wp-content\/uploads\/sites\/5\/2025\/11\/IMG_0402-36x27.jpg 36w, https:\/\/steinmuehle.de\/wp-content\/uploads\/sites\/5\/2025\/11\/IMG_0402-48x36.jpg 48w\" sizes=\"auto, (max-width: 1030px) 100vw, 1030px\" \/><img loading=\"lazy\" decoding=\"async\" class=\"alignnone wp-image-37299 size-large\" src=\"https:\/\/steinmuehle.de\/wp-content\/uploads\/sites\/5\/2025\/11\/IMG_0391-1-1030x773.jpg\" alt=\"\" width=\"1030\" height=\"773\" srcset=\"https:\/\/steinmuehle.de\/wp-content\/uploads\/sites\/5\/2025\/11\/IMG_0391-1-1030x773.jpg 1030w, https:\/\/steinmuehle.de\/wp-content\/uploads\/sites\/5\/2025\/11\/IMG_0391-1-300x225.jpg 300w, https:\/\/steinmuehle.de\/wp-content\/uploads\/sites\/5\/2025\/11\/IMG_0391-1-768x576.jpg 768w, https:\/\/steinmuehle.de\/wp-content\/uploads\/sites\/5\/2025\/11\/IMG_0391-1-1536x1152.jpg 1536w, https:\/\/steinmuehle.de\/wp-content\/uploads\/sites\/5\/2025\/11\/IMG_0391-1-scaled.jpg 1500w, https:\/\/steinmuehle.de\/wp-content\/uploads\/sites\/5\/2025\/11\/IMG_0391-1-705x529.jpg 705w, https:\/\/steinmuehle.de\/wp-content\/uploads\/sites\/5\/2025\/11\/IMG_0391-1-24x18.jpg 24w, https:\/\/steinmuehle.de\/wp-content\/uploads\/sites\/5\/2025\/11\/IMG_0391-1-36x27.jpg 36w, https:\/\/steinmuehle.de\/wp-content\/uploads\/sites\/5\/2025\/11\/IMG_0391-1-48x36.jpg 48w\" sizes=\"auto, (max-width: 1030px) 100vw, 1030px\" \/><img loading=\"lazy\" decoding=\"async\" class=\"alignnone wp-image-37297 size-large\" src=\"https:\/\/steinmuehle.de\/wp-content\/uploads\/sites\/5\/2025\/11\/IMG_0443-1030x773.jpg\" alt=\"\" width=\"1030\" height=\"773\" srcset=\"https:\/\/steinmuehle.de\/wp-content\/uploads\/sites\/5\/2025\/11\/IMG_0443-1030x773.jpg 1030w, https:\/\/steinmuehle.de\/wp-content\/uploads\/sites\/5\/2025\/11\/IMG_0443-300x225.jpg 300w, https:\/\/steinmuehle.de\/wp-content\/uploads\/sites\/5\/2025\/11\/IMG_0443-768x576.jpg 768w, https:\/\/steinmuehle.de\/wp-content\/uploads\/sites\/5\/2025\/11\/IMG_0443-1536x1152.jpg 1536w, https:\/\/steinmuehle.de\/wp-content\/uploads\/sites\/5\/2025\/11\/IMG_0443-scaled.jpg 1500w, https:\/\/steinmuehle.de\/wp-content\/uploads\/sites\/5\/2025\/11\/IMG_0443-705x529.jpg 705w, https:\/\/steinmuehle.de\/wp-content\/uploads\/sites\/5\/2025\/11\/IMG_0443-24x18.jpg 24w, https:\/\/steinmuehle.de\/wp-content\/uploads\/sites\/5\/2025\/11\/IMG_0443-36x27.jpg 36w, https:\/\/steinmuehle.de\/wp-content\/uploads\/sites\/5\/2025\/11\/IMG_0443-48x36.jpg 48w\" sizes=\"auto, (max-width: 1030px) 100vw, 1030px\" \/><img loading=\"lazy\" decoding=\"async\" class=\"alignnone wp-image-37326 size-large\" src=\"https:\/\/steinmuehle.de\/wp-content\/uploads\/sites\/5\/2025\/11\/IMG_0429-1030x773.jpg\" alt=\"\" width=\"1030\" height=\"773\" srcset=\"https:\/\/steinmuehle.de\/wp-content\/uploads\/sites\/5\/2025\/11\/IMG_0429-1030x773.jpg 1030w, https:\/\/steinmuehle.de\/wp-content\/uploads\/sites\/5\/2025\/11\/IMG_0429-300x225.jpg 300w, https:\/\/steinmuehle.de\/wp-content\/uploads\/sites\/5\/2025\/11\/IMG_0429-768x576.jpg 768w, https:\/\/steinmuehle.de\/wp-content\/uploads\/sites\/5\/2025\/11\/IMG_0429-1536x1152.jpg 1536w, https:\/\/steinmuehle.de\/wp-content\/uploads\/sites\/5\/2025\/11\/IMG_0429-scaled.jpg 1500w, https:\/\/steinmuehle.de\/wp-content\/uploads\/sites\/5\/2025\/11\/IMG_0429-705x529.jpg 705w, https:\/\/steinmuehle.de\/wp-content\/uploads\/sites\/5\/2025\/11\/IMG_0429-24x18.jpg 24w, https:\/\/steinmuehle.de\/wp-content\/uploads\/sites\/5\/2025\/11\/IMG_0429-36x27.jpg 36w, https:\/\/steinmuehle.de\/wp-content\/uploads\/sites\/5\/2025\/11\/IMG_0429-48x36.jpg 48w\" sizes=\"auto, (max-width: 1030px) 100vw, 1030px\" \/><img loading=\"lazy\" decoding=\"async\" class=\"alignnone wp-image-37298 size-large\" src=\"https:\/\/steinmuehle.de\/wp-content\/uploads\/sites\/5\/2025\/11\/IMG_0395-1030x773.jpg\" alt=\"\" width=\"1030\" height=\"773\" srcset=\"https:\/\/steinmuehle.de\/wp-content\/uploads\/sites\/5\/2025\/11\/IMG_0395-1030x773.jpg 1030w, https:\/\/steinmuehle.de\/wp-content\/uploads\/sites\/5\/2025\/11\/IMG_0395-300x225.jpg 300w, https:\/\/steinmuehle.de\/wp-content\/uploads\/sites\/5\/2025\/11\/IMG_0395-768x576.jpg 768w, https:\/\/steinmuehle.de\/wp-content\/uploads\/sites\/5\/2025\/11\/IMG_0395-1536x1152.jpg 1536w, https:\/\/steinmuehle.de\/wp-content\/uploads\/sites\/5\/2025\/11\/IMG_0395-scaled.jpg 1500w, https:\/\/steinmuehle.de\/wp-content\/uploads\/sites\/5\/2025\/11\/IMG_0395-705x529.jpg 705w, https:\/\/steinmuehle.de\/wp-content\/uploads\/sites\/5\/2025\/11\/IMG_0395-24x18.jpg 24w, https:\/\/steinmuehle.de\/wp-content\/uploads\/sites\/5\/2025\/11\/IMG_0395-36x27.jpg 36w, https:\/\/steinmuehle.de\/wp-content\/uploads\/sites\/5\/2025\/11\/IMG_0395-48x36.jpg 48w\" sizes=\"auto, (max-width: 1030px) 100vw, 1030px\" \/><\/p>\n","protected":false},"excerpt":{"rendered":"<p>Depuis pas moins de 28 ans, le lyc\u00e9e Steinm\u00fchle organise chaque mois de novembre une journ\u00e9e d\u2019information sur les m\u00e9tiers \u2013 un \u00e9v\u00e9nement \u00e0 succ\u00e8s organis\u00e9 en collaboration avec le Rotary Club de Marburg-Schloss. Cette fois encore, nos remerciements ne s\u2019adressent pas uniquement aux organisateurs : Mme Claudia R\u00f6der, enseignante \u00e0 la Steinm\u00fchle, et M. [&hellip;]<\/p>\n","protected":false},"author":22,"featured_media":0,"comment_status":"closed","ping_status":"closed","sticky":false,"template":"","format":"standard","meta":{"_acf_changed":false,"footnotes":""},"categories":[147,153,171],"tags":[],"class_list":["post-52859","post","type-post","status-publish","format-standard","hentry","category-actualites","category-cooperations-et-partenariats","category-politique-economie-et-responsabilite"],"acf":[],"yoast_head":"<!-- This site is optimized with the Yoast SEO Premium plugin v28.1 (Yoast SEO v28.3) - https:\/\/yoast.com\/product\/yoast-seo-premium-wordpress\/ -->\n<title>Des conseils issus de la pratique et des informations de premi\u00e8re main lors de la journ\u00e9e d&#039;orientation professionnelle - Steinm\u00fchle \u2013 Schule &amp; Internat<\/title>\n<meta name=\"robots\" content=\"index, follow, max-snippet:-1, max-image-preview:large, max-video-preview:-1\" \/>\n<link rel=\"canonical\" href=\"https:\/\/steinmuehle.de\/fr\/blog\/2025\/11\/15\/des-conseils-issus-de-la-pratique-et-des-informations-de-premiere-main-lors-de-la-journee-dorientation-professionnelle\/\" \/>\n<meta property=\"og:locale\" content=\"fr_FR\" \/>\n<meta property=\"og:type\" content=\"article\" \/>\n<meta property=\"og:title\" content=\"Des conseils issus de la pratique et des informations de premi\u00e8re main lors de la journ\u00e9e d&#039;orientation professionnelle\" \/>\n<meta property=\"og:description\" content=\"Depuis pas moins de 28 ans, le lyc\u00e9e Steinm\u00fchle organise chaque mois de novembre une journ\u00e9e d\u2019information sur les m\u00e9tiers \u2013 un \u00e9v\u00e9nement \u00e0 succ\u00e8s organis\u00e9 en collaboration avec le Rotary Club de Marburg-Schloss. Cette fois encore, nos remerciements ne s\u2019adressent pas uniquement aux organisateurs : Mme Claudia R\u00f6der, enseignante \u00e0 la Steinm\u00fchle, et M. [&hellip;]\" \/>\n<meta property=\"og:url\" content=\"https:\/\/steinmuehle.de\/fr\/blog\/2025\/11\/15\/des-conseils-issus-de-la-pratique-et-des-informations-de-premiere-main-lors-de-la-journee-dorientation-professionnelle\/\" \/>\n<meta property=\"og:site_name\" content=\"Steinm\u00fchle \u2013 Schule &amp; Internat\" \/>\n<meta property=\"article:publisher\" content=\"https:\/\/www.facebook.com\/steinmuehle\/\" \/>\n<meta property=\"article:published_time\" content=\"2025-11-15T17:12:50+00:00\" \/>\n<meta property=\"og:image\" content=\"https:\/\/steinmuehle.de\/wp-content\/uploads\/sites\/5\/2025\/11\/IMG_0388-1-rotated-1-scaled.jpg\" \/>\n\t<meta property=\"og:image:width\" content=\"1125\" \/>\n\t<meta property=\"og:image:height\" content=\"1500\" \/>\n\t<meta property=\"og:image:type\" content=\"image\/jpeg\" \/>\n<meta name=\"author\" content=\"Angela\" \/>\n<meta name=\"twitter:card\" content=\"summary_large_image\" \/>\n<meta name=\"twitter:label1\" content=\"\u00c9crit par\" \/>\n\t<meta name=\"twitter:data1\" content=\"Angela\" \/>\n\t<meta name=\"twitter:label2\" content=\"Dur\u00e9e de lecture estim\u00e9e\" \/>\n\t<meta name=\"twitter:data2\" content=\"1 minute\" \/>\n<script type=\"application\/ld+json\" class=\"yoast-schema-graph\">{\"@context\":\"https:\\\/\\\/schema.org\",\"@graph\":[{\"@type\":\"Article\",\"@id\":\"https:\\\/\\\/steinmuehle.de\\\/fr\\\/blog\\\/2025\\\/11\\\/15\\\/des-conseils-issus-de-la-pratique-et-des-informations-de-premiere-main-lors-de-la-journee-dorientation-professionnelle\\\/#article\",\"isPartOf\":{\"@id\":\"https:\\\/\\\/steinmuehle.de\\\/fr\\\/blog\\\/2025\\\/11\\\/15\\\/des-conseils-issus-de-la-pratique-et-des-informations-de-premiere-main-lors-de-la-journee-dorientation-professionnelle\\\/\"},\"author\":{\"name\":\"Angela\",\"@id\":\"https:\\\/\\\/steinmuehle.de\\\/fr\\\/#\\\/schema\\\/person\\\/16dc40a7fc9b759e1279be97ac570529\"},\"headline\":\"Des conseils issus de la pratique et des informations de premi\u00e8re main lors de la journ\u00e9e d&rsquo;orientation professionnelle\",\"datePublished\":\"2025-11-15T17:12:50+00:00\",\"mainEntityOfPage\":{\"@id\":\"https:\\\/\\\/steinmuehle.de\\\/fr\\\/blog\\\/2025\\\/11\\\/15\\\/des-conseils-issus-de-la-pratique-et-des-informations-de-premiere-main-lors-de-la-journee-dorientation-professionnelle\\\/\"},\"wordCount\":282,\"publisher\":{\"@id\":\"https:\\\/\\\/steinmuehle.de\\\/fr\\\/#organization\"},\"image\":{\"@id\":\"https:\\\/\\\/steinmuehle.de\\\/fr\\\/blog\\\/2025\\\/11\\\/15\\\/des-conseils-issus-de-la-pratique-et-des-informations-de-premiere-main-lors-de-la-journee-dorientation-professionnelle\\\/#primaryimage\"},\"thumbnailUrl\":\"https:\\\/\\\/steinmuehle.de\\\/wp-content\\\/uploads\\\/2025\\\/11\\\/IMG_0388-1-773x1030.jpg\",\"articleSection\":[\"Actualit\u00e9s\",\"Coop\u00e9rations et partenariats\",\"Politique, \u00e9conomie et responsabilit\u00e9\"],\"inLanguage\":\"fr-FR\"},{\"@type\":\"WebPage\",\"@id\":\"https:\\\/\\\/steinmuehle.de\\\/fr\\\/blog\\\/2025\\\/11\\\/15\\\/des-conseils-issus-de-la-pratique-et-des-informations-de-premiere-main-lors-de-la-journee-dorientation-professionnelle\\\/\",\"url\":\"https:\\\/\\\/steinmuehle.de\\\/fr\\\/blog\\\/2025\\\/11\\\/15\\\/des-conseils-issus-de-la-pratique-et-des-informations-de-premiere-main-lors-de-la-journee-dorientation-professionnelle\\\/\",\"name\":\"Des conseils issus de la pratique et des informations de premi\u00e8re main lors de la journ\u00e9e d'orientation professionnelle - Steinm\u00fchle \u2013 Schule &amp; Internat\",\"isPartOf\":{\"@id\":\"https:\\\/\\\/steinmuehle.de\\\/fr\\\/#website\"},\"primaryImageOfPage\":{\"@id\":\"https:\\\/\\\/steinmuehle.de\\\/fr\\\/blog\\\/2025\\\/11\\\/15\\\/des-conseils-issus-de-la-pratique-et-des-informations-de-premiere-main-lors-de-la-journee-dorientation-professionnelle\\\/#primaryimage\"},\"image\":{\"@id\":\"https:\\\/\\\/steinmuehle.de\\\/fr\\\/blog\\\/2025\\\/11\\\/15\\\/des-conseils-issus-de-la-pratique-et-des-informations-de-premiere-main-lors-de-la-journee-dorientation-professionnelle\\\/#primaryimage\"},\"thumbnailUrl\":\"https:\\\/\\\/steinmuehle.de\\\/wp-content\\\/uploads\\\/2025\\\/11\\\/IMG_0388-1-773x1030.jpg\",\"datePublished\":\"2025-11-15T17:12:50+00:00\",\"breadcrumb\":{\"@id\":\"https:\\\/\\\/steinmuehle.de\\\/fr\\\/blog\\\/2025\\\/11\\\/15\\\/des-conseils-issus-de-la-pratique-et-des-informations-de-premiere-main-lors-de-la-journee-dorientation-professionnelle\\\/#breadcrumb\"},\"inLanguage\":\"fr-FR\",\"potentialAction\":[{\"@type\":\"ReadAction\",\"target\":[\"https:\\\/\\\/steinmuehle.de\\\/fr\\\/blog\\\/2025\\\/11\\\/15\\\/des-conseils-issus-de-la-pratique-et-des-informations-de-premiere-main-lors-de-la-journee-dorientation-professionnelle\\\/\"]}]},{\"@type\":\"ImageObject\",\"inLanguage\":\"fr-FR\",\"@id\":\"https:\\\/\\\/steinmuehle.de\\\/fr\\\/blog\\\/2025\\\/11\\\/15\\\/des-conseils-issus-de-la-pratique-et-des-informations-de-premiere-main-lors-de-la-journee-dorientation-professionnelle\\\/#primaryimage\",\"url\":\"https:\\\/\\\/steinmuehle.de\\\/wp-content\\\/uploads\\\/2025\\\/11\\\/IMG_0388-1-773x1030.jpg\",\"contentUrl\":\"https:\\\/\\\/steinmuehle.de\\\/wp-content\\\/uploads\\\/2025\\\/11\\\/IMG_0388-1-773x1030.jpg\"},{\"@type\":\"BreadcrumbList\",\"@id\":\"https:\\\/\\\/steinmuehle.de\\\/fr\\\/blog\\\/2025\\\/11\\\/15\\\/des-conseils-issus-de-la-pratique-et-des-informations-de-premiere-main-lors-de-la-journee-dorientation-professionnelle\\\/#breadcrumb\",\"itemListElement\":[{\"@type\":\"ListItem\",\"position\":1,\"name\":\"D\u00e9marrer\",\"item\":\"https:\\\/\\\/steinmuehle.de\\\/fr\\\/page-daccueil\\\/\"},{\"@type\":\"ListItem\",\"position\":2,\"name\":\"Des conseils issus de la pratique et des informations de premi\u00e8re main lors de la journ\u00e9e d&rsquo;orientation professionnelle\"}]},{\"@type\":\"WebSite\",\"@id\":\"https:\\\/\\\/steinmuehle.de\\\/fr\\\/#website\",\"url\":\"https:\\\/\\\/steinmuehle.de\\\/fr\\\/\",\"name\":\"Steinm\u00fchle \u2013 Schule & Internat\",\"description\":\"\",\"publisher\":{\"@id\":\"https:\\\/\\\/steinmuehle.de\\\/fr\\\/#organization\"},\"potentialAction\":[{\"@type\":\"SearchAction\",\"target\":{\"@type\":\"EntryPoint\",\"urlTemplate\":\"https:\\\/\\\/steinmuehle.de\\\/fr\\\/?s={search_term_string}\"},\"query-input\":{\"@type\":\"PropertyValueSpecification\",\"valueRequired\":true,\"valueName\":\"search_term_string\"}}],\"inLanguage\":\"fr-FR\"},{\"@type\":\"Organization\",\"@id\":\"https:\\\/\\\/steinmuehle.de\\\/fr\\\/#organization\",\"name\":\"Steinm\u00fchle \u2013 Schule & Internat\",\"url\":\"https:\\\/\\\/steinmuehle.de\\\/fr\\\/\",\"logo\":{\"@type\":\"ImageObject\",\"inLanguage\":\"fr-FR\",\"@id\":\"https:\\\/\\\/steinmuehle.de\\\/fr\\\/#\\\/schema\\\/logo\\\/image\\\/\",\"url\":\"https:\\\/\\\/steinmuehle.de\\\/wp-content\\\/uploads\\\/sites\\\/5\\\/2025\\\/11\\\/Logo_SchuleInternat_Steinmuehle_2026_3.png\",\"contentUrl\":\"https:\\\/\\\/steinmuehle.de\\\/wp-content\\\/uploads\\\/sites\\\/5\\\/2025\\\/11\\\/Logo_SchuleInternat_Steinmuehle_2026_3.png\",\"width\":450,\"height\":165,\"caption\":\"Steinm\u00fchle \u2013 Schule & Internat\"},\"image\":{\"@id\":\"https:\\\/\\\/steinmuehle.de\\\/fr\\\/#\\\/schema\\\/logo\\\/image\\\/\"},\"sameAs\":[\"https:\\\/\\\/www.facebook.com\\\/steinmuehle\\\/\",\"https:\\\/\\\/www.instagram.com\\\/steinmuehle\\\/\",\"https:\\\/\\\/www.linkedin.com\\\/school\\\/steinmuehle\\\/\"]},{\"@type\":\"Person\",\"@id\":\"https:\\\/\\\/steinmuehle.de\\\/fr\\\/#\\\/schema\\\/person\\\/16dc40a7fc9b759e1279be97ac570529\",\"name\":\"Angela\",\"image\":{\"@type\":\"ImageObject\",\"inLanguage\":\"fr-FR\",\"@id\":\"https:\\\/\\\/steinmuehle.de\\\/wp-content\\\/uploads\\\/sites\\\/5\\\/avatars\\\/22\\\/1781881488-bpfull.jpg\",\"url\":\"https:\\\/\\\/steinmuehle.de\\\/wp-content\\\/uploads\\\/sites\\\/5\\\/avatars\\\/22\\\/1781881488-bpfull.jpg\",\"contentUrl\":\"https:\\\/\\\/steinmuehle.de\\\/wp-content\\\/uploads\\\/sites\\\/5\\\/avatars\\\/22\\\/1781881488-bpfull.jpg\",\"caption\":\"Angela\"},\"url\":\"https:\\\/\\\/steinmuehle.de\\\/fr\\\/blog\\\/author\\\/aheinemann\\\/\"}]}<\/script>\n<!-- \/ Yoast SEO Premium plugin. -->","yoast_head_json":{"title":"Des conseils issus de la pratique et des informations de premi\u00e8re main lors de la journ\u00e9e d'orientation professionnelle - Steinm\u00fchle \u2013 Schule &amp; Internat","robots":{"index":"index","follow":"follow","max-snippet":"max-snippet:-1","max-image-preview":"max-image-preview:large","max-video-preview":"max-video-preview:-1"},"canonical":"https:\/\/steinmuehle.de\/fr\/blog\/2025\/11\/15\/des-conseils-issus-de-la-pratique-et-des-informations-de-premiere-main-lors-de-la-journee-dorientation-professionnelle\/","og_locale":"fr_FR","og_type":"article","og_title":"Des conseils issus de la pratique et des informations de premi\u00e8re main lors de la journ\u00e9e d'orientation professionnelle","og_description":"Depuis pas moins de 28 ans, le lyc\u00e9e Steinm\u00fchle organise chaque mois de novembre une journ\u00e9e d\u2019information sur les m\u00e9tiers \u2013 un \u00e9v\u00e9nement \u00e0 succ\u00e8s organis\u00e9 en collaboration avec le Rotary Club de Marburg-Schloss. Cette fois encore, nos remerciements ne s\u2019adressent pas uniquement aux organisateurs : Mme Claudia R\u00f6der, enseignante \u00e0 la Steinm\u00fchle, et M. [&hellip;]","og_url":"https:\/\/steinmuehle.de\/fr\/blog\/2025\/11\/15\/des-conseils-issus-de-la-pratique-et-des-informations-de-premiere-main-lors-de-la-journee-dorientation-professionnelle\/","og_site_name":"Steinm\u00fchle \u2013 Schule &amp; Internat","article_publisher":"https:\/\/www.facebook.com\/steinmuehle\/","article_published_time":"2025-11-15T17:12:50+00:00","og_image":[{"width":1125,"height":1500,"url":"https:\/\/steinmuehle.de\/wp-content\/uploads\/sites\/5\/2025\/11\/IMG_0388-1-rotated-1-scaled.jpg","type":"image\/jpeg"}],"author":"Angela","twitter_card":"summary_large_image","twitter_misc":{"\u00c9crit par":"Angela","Dur\u00e9e de lecture estim\u00e9e":"1 minute"},"schema":{"@context":"https:\/\/schema.org","@graph":[{"@type":"Article","@id":"https:\/\/steinmuehle.de\/fr\/blog\/2025\/11\/15\/des-conseils-issus-de-la-pratique-et-des-informations-de-premiere-main-lors-de-la-journee-dorientation-professionnelle\/#article","isPartOf":{"@id":"https:\/\/steinmuehle.de\/fr\/blog\/2025\/11\/15\/des-conseils-issus-de-la-pratique-et-des-informations-de-premiere-main-lors-de-la-journee-dorientation-professionnelle\/"},"author":{"name":"Angela","@id":"https:\/\/steinmuehle.de\/fr\/#\/schema\/person\/16dc40a7fc9b759e1279be97ac570529"},"headline":"Des conseils issus de la pratique et des informations de premi\u00e8re main lors de la journ\u00e9e d&rsquo;orientation professionnelle","datePublished":"2025-11-15T17:12:50+00:00","mainEntityOfPage":{"@id":"https:\/\/steinmuehle.de\/fr\/blog\/2025\/11\/15\/des-conseils-issus-de-la-pratique-et-des-informations-de-premiere-main-lors-de-la-journee-dorientation-professionnelle\/"},"wordCount":282,"publisher":{"@id":"https:\/\/steinmuehle.de\/fr\/#organization"},"image":{"@id":"https:\/\/steinmuehle.de\/fr\/blog\/2025\/11\/15\/des-conseils-issus-de-la-pratique-et-des-informations-de-premiere-main-lors-de-la-journee-dorientation-professionnelle\/#primaryimage"},"thumbnailUrl":"https:\/\/steinmuehle.de\/wp-content\/uploads\/2025\/11\/IMG_0388-1-773x1030.jpg","articleSection":["Actualit\u00e9s","Coop\u00e9rations et partenariats","Politique, \u00e9conomie et responsabilit\u00e9"],"inLanguage":"fr-FR"},{"@type":"WebPage","@id":"https:\/\/steinmuehle.de\/fr\/blog\/2025\/11\/15\/des-conseils-issus-de-la-pratique-et-des-informations-de-premiere-main-lors-de-la-journee-dorientation-professionnelle\/","url":"https:\/\/steinmuehle.de\/fr\/blog\/2025\/11\/15\/des-conseils-issus-de-la-pratique-et-des-informations-de-premiere-main-lors-de-la-journee-dorientation-professionnelle\/","name":"Des conseils issus de la pratique et des informations de premi\u00e8re main lors de la journ\u00e9e d'orientation professionnelle - Steinm\u00fchle \u2013 Schule &amp; Internat","isPartOf":{"@id":"https:\/\/steinmuehle.de\/fr\/#website"},"primaryImageOfPage":{"@id":"https:\/\/steinmuehle.de\/fr\/blog\/2025\/11\/15\/des-conseils-issus-de-la-pratique-et-des-informations-de-premiere-main-lors-de-la-journee-dorientation-professionnelle\/#primaryimage"},"image":{"@id":"https:\/\/steinmuehle.de\/fr\/blog\/2025\/11\/15\/des-conseils-issus-de-la-pratique-et-des-informations-de-premiere-main-lors-de-la-journee-dorientation-professionnelle\/#primaryimage"},"thumbnailUrl":"https:\/\/steinmuehle.de\/wp-content\/uploads\/2025\/11\/IMG_0388-1-773x1030.jpg","datePublished":"2025-11-15T17:12:50+00:00","breadcrumb":{"@id":"https:\/\/steinmuehle.de\/fr\/blog\/2025\/11\/15\/des-conseils-issus-de-la-pratique-et-des-informations-de-premiere-main-lors-de-la-journee-dorientation-professionnelle\/#breadcrumb"},"inLanguage":"fr-FR","potentialAction":[{"@type":"ReadAction","target":["https:\/\/steinmuehle.de\/fr\/blog\/2025\/11\/15\/des-conseils-issus-de-la-pratique-et-des-informations-de-premiere-main-lors-de-la-journee-dorientation-professionnelle\/"]}]},{"@type":"ImageObject","inLanguage":"fr-FR","@id":"https:\/\/steinmuehle.de\/fr\/blog\/2025\/11\/15\/des-conseils-issus-de-la-pratique-et-des-informations-de-premiere-main-lors-de-la-journee-dorientation-professionnelle\/#primaryimage","url":"https:\/\/steinmuehle.de\/wp-content\/uploads\/2025\/11\/IMG_0388-1-773x1030.jpg","contentUrl":"https:\/\/steinmuehle.de\/wp-content\/uploads\/2025\/11\/IMG_0388-1-773x1030.jpg"},{"@type":"BreadcrumbList","@id":"https:\/\/steinmuehle.de\/fr\/blog\/2025\/11\/15\/des-conseils-issus-de-la-pratique-et-des-informations-de-premiere-main-lors-de-la-journee-dorientation-professionnelle\/#breadcrumb","itemListElement":[{"@type":"ListItem","position":1,"name":"D\u00e9marrer","item":"https:\/\/steinmuehle.de\/fr\/page-daccueil\/"},{"@type":"ListItem","position":2,"name":"Des conseils issus de la pratique et des informations de premi\u00e8re main lors de la journ\u00e9e d&rsquo;orientation professionnelle"}]},{"@type":"WebSite","@id":"https:\/\/steinmuehle.de\/fr\/#website","url":"https:\/\/steinmuehle.de\/fr\/","name":"Steinm\u00fchle \u2013 Schule & Internat","description":"","publisher":{"@id":"https:\/\/steinmuehle.de\/fr\/#organization"},"potentialAction":[{"@type":"SearchAction","target":{"@type":"EntryPoint","urlTemplate":"https:\/\/steinmuehle.de\/fr\/?s={search_term_string}"},"query-input":{"@type":"PropertyValueSpecification","valueRequired":true,"valueName":"search_term_string"}}],"inLanguage":"fr-FR"},{"@type":"Organization","@id":"https:\/\/steinmuehle.de\/fr\/#organization","name":"Steinm\u00fchle \u2013 Schule & Internat","url":"https:\/\/steinmuehle.de\/fr\/","logo":{"@type":"ImageObject","inLanguage":"fr-FR","@id":"https:\/\/steinmuehle.de\/fr\/#\/schema\/logo\/image\/","url":"https:\/\/steinmuehle.de\/wp-content\/uploads\/sites\/5\/2025\/11\/Logo_SchuleInternat_Steinmuehle_2026_3.png","contentUrl":"https:\/\/steinmuehle.de\/wp-content\/uploads\/sites\/5\/2025\/11\/Logo_SchuleInternat_Steinmuehle_2026_3.png","width":450,"height":165,"caption":"Steinm\u00fchle \u2013 Schule & Internat"},"image":{"@id":"https:\/\/steinmuehle.de\/fr\/#\/schema\/logo\/image\/"},"sameAs":["https:\/\/www.facebook.com\/steinmuehle\/","https:\/\/www.instagram.com\/steinmuehle\/","https:\/\/www.linkedin.com\/school\/steinmuehle\/"]},{"@type":"Person","@id":"https:\/\/steinmuehle.de\/fr\/#\/schema\/person\/16dc40a7fc9b759e1279be97ac570529","name":"Angela","image":{"@type":"ImageObject","inLanguage":"fr-FR","@id":"https:\/\/steinmuehle.de\/wp-content\/uploads\/sites\/5\/avatars\/22\/1781881488-bpfull.jpg","url":"https:\/\/steinmuehle.de\/wp-content\/uploads\/sites\/5\/avatars\/22\/1781881488-bpfull.jpg","contentUrl":"https:\/\/steinmuehle.de\/wp-content\/uploads\/sites\/5\/avatars\/22\/1781881488-bpfull.jpg","caption":"Angela"},"url":"https:\/\/steinmuehle.de\/fr\/blog\/author\/aheinemann\/"}]}},"_links":{"self":[{"href":"https:\/\/steinmuehle.de\/fr\/wp-json\/wp\/v2\/posts\/52859","targetHints":{"allow":["GET"]}}],"collection":[{"href":"https:\/\/steinmuehle.de\/fr\/wp-json\/wp\/v2\/posts"}],"about":[{"href":"https:\/\/steinmuehle.de\/fr\/wp-json\/wp\/v2\/types\/post"}],"author":[{"embeddable":true,"href":"https:\/\/steinmuehle.de\/fr\/wp-json\/wp\/v2\/users\/22"}],"replies":[{"embeddable":true,"href":"https:\/\/steinmuehle.de\/fr\/wp-json\/wp\/v2\/comments?post=52859"}],"version-history":[{"count":0,"href":"https:\/\/steinmuehle.de\/fr\/wp-json\/wp\/v2\/posts\/52859\/revisions"}],"wp:attachment":[{"href":"https:\/\/steinmuehle.de\/fr\/wp-json\/wp\/v2\/media?parent=52859"}],"wp:term":[{"taxonomy":"category","embeddable":true,"href":"https:\/\/steinmuehle.de\/fr\/wp-json\/wp\/v2\/categories?post=52859"},{"taxonomy":"post_tag","embeddable":true,"href":"https:\/\/steinmuehle.de\/fr\/wp-json\/wp\/v2\/tags?post=52859"}],"curies":[{"name":"wp","href":"https:\/\/api.w.org\/{rel}","templated":true}]}}