{"id":51770,"date":"2025-02-28T12:14:38","date_gmt":"2025-02-28T11:14:38","guid":{"rendered":"https:\/\/test.steinmuehle.de\/blog\/2025\/02\/28\/cooperation-avec-fleckenbuehl-sur-la-taille-naturelle-des-arbres-fruitiers\/"},"modified":"2025-02-28T12:14:38","modified_gmt":"2025-02-28T11:14:38","slug":"cooperation-avec-fleckenbuehl-sur-la-taille-naturelle-des-arbres-fruitiers","status":"publish","type":"post","link":"https:\/\/steinmuehle.de\/fr\/blog\/2025\/02\/28\/cooperation-avec-fleckenbuehl-sur-la-taille-naturelle-des-arbres-fruitiers\/","title":{"rendered":"Coop\u00e9ration avec Fleckenb\u00fchl sur la taille naturelle des arbres fruitiers"},"content":{"rendered":"<p>&nbsp;<\/p>\n<p class=\"default-style\">Comment entretenir les arbres fruitiers ? C&rsquo;est une information importante pour la Steinm\u00fchle, puisqu&rsquo;un verger de vari\u00e9t\u00e9s anciennes a \u00e9t\u00e9 am\u00e9nag\u00e9 depuis quelque temps derri\u00e8re l&rsquo;atrium. <\/p>\n<p class=\"default-style\">Carmen Bastian, professeure de biologie \u00e0 la Steinm\u00fchle, avait invit\u00e9 David Rempen, sp\u00e9cialiste certifi\u00e9 en am\u00e9nagement paysager et en arboriculture fruiti\u00e8re, \u00e0 animer un atelier. Le nombre d&rsquo;inscriptions a \u00e9t\u00e9 tr\u00e8s \u00e9lev\u00e9, mais il a malheureusement diminu\u00e9 en raison d&rsquo;une vague de maladies hivernales, ce qui n&rsquo;a toutefois pas entam\u00e9 la bonne ambiance ni la transmission des connaissances. <\/p>\n<p class=\"default-style\"><strong>D\u00e9sinfectez vos s\u00e9cateurs !<\/strong><\/p>\n<p class=\"default-style\">David Rempen, responsable du projet \u00ab jardin p\u00e9dagogique \u00bb \u00e0 la ferme Demeter de Fleckenb\u00fchl, pr\u00e8s de Sch\u00f6nstadt, a su parfaitement expliquer comment tailler les arbres fruitiers de mani\u00e8re naturelle, afin qu\u2019ils ne subissent aucun dommage, mais qu\u2019ils s\u2019\u00e9panouissent et portent des fruits par la suite. Au cours de cet atelier de cinq heures et demie, la formation a d\u2019abord port\u00e9 sur la taille des arbres fruitiers, tant sur le plan th\u00e9orique que pratique. \u00c0 l\u2019aide d\u2019un support de cours suppl\u00e9mentaire, les connaissances th\u00e9oriques de base ont \u00e9t\u00e9 transmises avant de passer \u00e0 la mise en pratique. Pour beaucoup, il \u00e9tait certainement nouveau d\u2019apprendre que les s\u00e9cateurs doivent \u00eatre d\u00e9sinfect\u00e9s apr\u00e8s utilisation afin d\u2019\u00e9viter la transmission de spores fongiques \u00e0 un autre arbre.   <\/p>\n<p class=\"default-style\">Certaines r\u00e9v\u00e9lations issues de l&rsquo;horticulture ont \u00e9t\u00e9 compl\u00e9t\u00e9es par un \u00e9change sur le th\u00e8me de l&rsquo;a\u00e9rospatiale, au cours duquel le professeur de biologie, le Dr Sven Freibert, s&rsquo;est lanc\u00e9 dans une discussion technique avec l&rsquo;intervenant.<\/p>\n<p class=\"default-style\">L&rsquo;atelier a \u00e9t\u00e9 jug\u00e9 une r\u00e9ussite sur toute la ligne, et tout porte \u00e0 croire que la coop\u00e9ration entre la Steinm\u00fchle et les habitants de Fleckenb\u00fchl porte ses fruits dans le meilleur sens du terme.<\/p>\n<div class=\"io-ox-signature\">\n<div class=\"default-style\">\n<p class=\"default-style\"><img loading=\"lazy\" decoding=\"async\" class=\"alignnone wp-image-36145 size-large\" src=\"https:\/\/steinmuehle.de\/wp-content\/uploads\/2025\/07\/Obstbaumschnitt-1030x1030.jpg\" alt=\"\" width=\"1030\" height=\"1030\"><\/p>\n<\/div>\n<\/div>\n","protected":false},"excerpt":{"rendered":"<p>&nbsp; Comment entretenir les arbres fruitiers ? C&rsquo;est une information importante pour la Steinm\u00fchle, puisqu&rsquo;un verger de vari\u00e9t\u00e9s anciennes a \u00e9t\u00e9 am\u00e9nag\u00e9 depuis quelque temps derri\u00e8re l&rsquo;atrium. Carmen Bastian, professeure de biologie \u00e0 la Steinm\u00fchle, avait invit\u00e9 David Rempen, sp\u00e9cialiste certifi\u00e9 en am\u00e9nagement paysager et en arboriculture fruiti\u00e8re, \u00e0 animer un atelier. Le nombre d&rsquo;inscriptions [&hellip;]<\/p>\n","protected":false},"author":22,"featured_media":0,"comment_status":"closed","ping_status":"closed","sticky":false,"template":"","format":"standard","meta":{"_acf_changed":false,"footnotes":""},"categories":[147,153,172],"tags":[],"class_list":["post-51770","post","type-post","status-publish","format-standard","hentry","category-actualites","category-cooperations-et-partenariats","category-ecologie-et-developpement-durable"],"acf":[],"yoast_head":"<!-- This site is optimized with the Yoast SEO Premium plugin v28.1 (Yoast SEO v28.3) - https:\/\/yoast.com\/product\/yoast-seo-premium-wordpress\/ -->\n<title>Coop\u00e9ration avec Fleckenb\u00fchl sur la taille naturelle des arbres fruitiers - Steinm\u00fchle \u2013 Schule &amp; Internat<\/title>\n<meta name=\"robots\" content=\"index, follow, max-snippet:-1, max-image-preview:large, max-video-preview:-1\" \/>\n<link rel=\"canonical\" href=\"https:\/\/steinmuehle.de\/fr\/blog\/2025\/02\/28\/cooperation-avec-fleckenbuehl-sur-la-taille-naturelle-des-arbres-fruitiers\/\" \/>\n<meta property=\"og:locale\" content=\"fr_FR\" \/>\n<meta property=\"og:type\" content=\"article\" \/>\n<meta property=\"og:title\" content=\"Coop\u00e9ration avec Fleckenb\u00fchl sur la taille naturelle des arbres fruitiers\" \/>\n<meta property=\"og:description\" content=\"&nbsp; Comment entretenir les arbres fruitiers ? C&rsquo;est une information importante pour la Steinm\u00fchle, puisqu&rsquo;un verger de vari\u00e9t\u00e9s anciennes a \u00e9t\u00e9 am\u00e9nag\u00e9 depuis quelque temps derri\u00e8re l&rsquo;atrium. Carmen Bastian, professeure de biologie \u00e0 la Steinm\u00fchle, avait invit\u00e9 David Rempen, sp\u00e9cialiste certifi\u00e9 en am\u00e9nagement paysager et en arboriculture fruiti\u00e8re, \u00e0 animer un atelier. Le nombre d&rsquo;inscriptions [&hellip;]\" \/>\n<meta property=\"og:url\" content=\"https:\/\/steinmuehle.de\/fr\/blog\/2025\/02\/28\/cooperation-avec-fleckenbuehl-sur-la-taille-naturelle-des-arbres-fruitiers\/\" \/>\n<meta property=\"og:site_name\" content=\"Steinm\u00fchle \u2013 Schule &amp; Internat\" \/>\n<meta property=\"article:publisher\" content=\"https:\/\/www.facebook.com\/steinmuehle\/\" \/>\n<meta property=\"article:published_time\" content=\"2025-02-28T11:14:38+00:00\" \/>\n<meta property=\"og:image\" content=\"https:\/\/steinmuehle.de\/wp-content\/uploads\/sites\/5\/2025\/07\/Obstbaumschnitt-e1752228800759-scaled.jpg\" \/>\n\t<meta property=\"og:image:width\" content=\"1500\" \/>\n\t<meta property=\"og:image:height\" content=\"1248\" \/>\n\t<meta property=\"og:image:type\" content=\"image\/jpeg\" \/>\n<meta name=\"author\" content=\"Angela\" \/>\n<meta name=\"twitter:card\" content=\"summary_large_image\" \/>\n<meta name=\"twitter:label1\" content=\"\u00c9crit par\" \/>\n\t<meta name=\"twitter:data1\" content=\"Angela\" \/>\n\t<meta name=\"twitter:label2\" content=\"Dur\u00e9e de lecture estim\u00e9e\" \/>\n\t<meta name=\"twitter:data2\" content=\"2 minutes\" \/>\n<script type=\"application\/ld+json\" class=\"yoast-schema-graph\">{\"@context\":\"https:\\\/\\\/schema.org\",\"@graph\":[{\"@type\":\"Article\",\"@id\":\"https:\\\/\\\/steinmuehle.de\\\/fr\\\/blog\\\/2025\\\/02\\\/28\\\/cooperation-avec-fleckenbuehl-sur-la-taille-naturelle-des-arbres-fruitiers\\\/#article\",\"isPartOf\":{\"@id\":\"https:\\\/\\\/steinmuehle.de\\\/fr\\\/blog\\\/2025\\\/02\\\/28\\\/cooperation-avec-fleckenbuehl-sur-la-taille-naturelle-des-arbres-fruitiers\\\/\"},\"author\":{\"name\":\"Angela\",\"@id\":\"https:\\\/\\\/steinmuehle.de\\\/fr\\\/#\\\/schema\\\/person\\\/db22c3de9d446bd4caafaae7dede9f18\"},\"headline\":\"Coop\u00e9ration avec Fleckenb\u00fchl sur la taille naturelle des arbres fruitiers\",\"datePublished\":\"2025-02-28T11:14:38+00:00\",\"mainEntityOfPage\":{\"@id\":\"https:\\\/\\\/steinmuehle.de\\\/fr\\\/blog\\\/2025\\\/02\\\/28\\\/cooperation-avec-fleckenbuehl-sur-la-taille-naturelle-des-arbres-fruitiers\\\/\"},\"wordCount\":325,\"publisher\":{\"@id\":\"https:\\\/\\\/steinmuehle.de\\\/fr\\\/#organization\"},\"image\":{\"@id\":\"https:\\\/\\\/steinmuehle.de\\\/fr\\\/blog\\\/2025\\\/02\\\/28\\\/cooperation-avec-fleckenbuehl-sur-la-taille-naturelle-des-arbres-fruitiers\\\/#primaryimage\"},\"thumbnailUrl\":\"https:\\\/\\\/steinmuehle.de\\\/wp-content\\\/uploads\\\/2025\\\/07\\\/Obstbaumschnitt-1030x1030.jpg\",\"articleSection\":[\"Actualit\u00e9s\",\"Coop\u00e9rations et partenariats\",\"\u00c9cologie et d\u00e9veloppement durable\"],\"inLanguage\":\"fr-FR\"},{\"@type\":\"WebPage\",\"@id\":\"https:\\\/\\\/steinmuehle.de\\\/fr\\\/blog\\\/2025\\\/02\\\/28\\\/cooperation-avec-fleckenbuehl-sur-la-taille-naturelle-des-arbres-fruitiers\\\/\",\"url\":\"https:\\\/\\\/steinmuehle.de\\\/fr\\\/blog\\\/2025\\\/02\\\/28\\\/cooperation-avec-fleckenbuehl-sur-la-taille-naturelle-des-arbres-fruitiers\\\/\",\"name\":\"Coop\u00e9ration avec Fleckenb\u00fchl sur la taille naturelle des arbres fruitiers - Steinm\u00fchle \u2013 Schule &amp; Internat\",\"isPartOf\":{\"@id\":\"https:\\\/\\\/steinmuehle.de\\\/fr\\\/#website\"},\"primaryImageOfPage\":{\"@id\":\"https:\\\/\\\/steinmuehle.de\\\/fr\\\/blog\\\/2025\\\/02\\\/28\\\/cooperation-avec-fleckenbuehl-sur-la-taille-naturelle-des-arbres-fruitiers\\\/#primaryimage\"},\"image\":{\"@id\":\"https:\\\/\\\/steinmuehle.de\\\/fr\\\/blog\\\/2025\\\/02\\\/28\\\/cooperation-avec-fleckenbuehl-sur-la-taille-naturelle-des-arbres-fruitiers\\\/#primaryimage\"},\"thumbnailUrl\":\"https:\\\/\\\/steinmuehle.de\\\/wp-content\\\/uploads\\\/2025\\\/07\\\/Obstbaumschnitt-1030x1030.jpg\",\"datePublished\":\"2025-02-28T11:14:38+00:00\",\"breadcrumb\":{\"@id\":\"https:\\\/\\\/steinmuehle.de\\\/fr\\\/blog\\\/2025\\\/02\\\/28\\\/cooperation-avec-fleckenbuehl-sur-la-taille-naturelle-des-arbres-fruitiers\\\/#breadcrumb\"},\"inLanguage\":\"fr-FR\",\"potentialAction\":[{\"@type\":\"ReadAction\",\"target\":[\"https:\\\/\\\/steinmuehle.de\\\/fr\\\/blog\\\/2025\\\/02\\\/28\\\/cooperation-avec-fleckenbuehl-sur-la-taille-naturelle-des-arbres-fruitiers\\\/\"]}]},{\"@type\":\"ImageObject\",\"inLanguage\":\"fr-FR\",\"@id\":\"https:\\\/\\\/steinmuehle.de\\\/fr\\\/blog\\\/2025\\\/02\\\/28\\\/cooperation-avec-fleckenbuehl-sur-la-taille-naturelle-des-arbres-fruitiers\\\/#primaryimage\",\"url\":\"https:\\\/\\\/steinmuehle.de\\\/wp-content\\\/uploads\\\/2025\\\/07\\\/Obstbaumschnitt-1030x1030.jpg\",\"contentUrl\":\"https:\\\/\\\/steinmuehle.de\\\/wp-content\\\/uploads\\\/2025\\\/07\\\/Obstbaumschnitt-1030x1030.jpg\"},{\"@type\":\"BreadcrumbList\",\"@id\":\"https:\\\/\\\/steinmuehle.de\\\/fr\\\/blog\\\/2025\\\/02\\\/28\\\/cooperation-avec-fleckenbuehl-sur-la-taille-naturelle-des-arbres-fruitiers\\\/#breadcrumb\",\"itemListElement\":[{\"@type\":\"ListItem\",\"position\":1,\"name\":\"Start\",\"item\":\"https:\\\/\\\/steinmuehle.de\\\/fr\\\/page-daccueil\\\/\"},{\"@type\":\"ListItem\",\"position\":2,\"name\":\"Coop\u00e9ration avec Fleckenb\u00fchl sur la taille naturelle des arbres fruitiers\"}]},{\"@type\":\"WebSite\",\"@id\":\"https:\\\/\\\/steinmuehle.de\\\/fr\\\/#website\",\"url\":\"https:\\\/\\\/steinmuehle.de\\\/fr\\\/\",\"name\":\"Steinm\u00fchle \u2013 Schule & Internat\",\"description\":\"\",\"publisher\":{\"@id\":\"https:\\\/\\\/steinmuehle.de\\\/fr\\\/#organization\"},\"potentialAction\":[{\"@type\":\"SearchAction\",\"target\":{\"@type\":\"EntryPoint\",\"urlTemplate\":\"https:\\\/\\\/steinmuehle.de\\\/fr\\\/?s={search_term_string}\"},\"query-input\":{\"@type\":\"PropertyValueSpecification\",\"valueRequired\":true,\"valueName\":\"search_term_string\"}}],\"inLanguage\":\"fr-FR\"},{\"@type\":\"Organization\",\"@id\":\"https:\\\/\\\/steinmuehle.de\\\/fr\\\/#organization\",\"name\":\"Steinm\u00fchle \u2013 Schule & Internat\",\"url\":\"https:\\\/\\\/steinmuehle.de\\\/fr\\\/\",\"logo\":{\"@type\":\"ImageObject\",\"inLanguage\":\"fr-FR\",\"@id\":\"https:\\\/\\\/steinmuehle.de\\\/fr\\\/#\\\/schema\\\/logo\\\/image\\\/\",\"url\":\"https:\\\/\\\/steinmuehle.de\\\/wp-content\\\/uploads\\\/sites\\\/5\\\/2025\\\/11\\\/Logo_SchuleInternat_Steinmuehle_2026_3.png\",\"contentUrl\":\"https:\\\/\\\/steinmuehle.de\\\/wp-content\\\/uploads\\\/sites\\\/5\\\/2025\\\/11\\\/Logo_SchuleInternat_Steinmuehle_2026_3.png\",\"width\":450,\"height\":165,\"caption\":\"Steinm\u00fchle \u2013 Schule & Internat\"},\"image\":{\"@id\":\"https:\\\/\\\/steinmuehle.de\\\/fr\\\/#\\\/schema\\\/logo\\\/image\\\/\"},\"sameAs\":[\"https:\\\/\\\/www.facebook.com\\\/steinmuehle\\\/\",\"https:\\\/\\\/www.instagram.com\\\/steinmuehle\\\/\",\"https:\\\/\\\/www.linkedin.com\\\/school\\\/steinmuehle\\\/\"]},{\"@type\":\"Person\",\"@id\":\"https:\\\/\\\/steinmuehle.de\\\/fr\\\/#\\\/schema\\\/person\\\/db22c3de9d446bd4caafaae7dede9f18\",\"name\":\"Angela\",\"image\":{\"@type\":\"ImageObject\",\"inLanguage\":\"fr-FR\",\"@id\":\"https:\\\/\\\/steinmuehle.de\\\/wp-content\\\/uploads\\\/sites\\\/5\\\/avatars\\\/22\\\/1781881488-bpfull.jpg\",\"url\":\"https:\\\/\\\/steinmuehle.de\\\/wp-content\\\/uploads\\\/sites\\\/5\\\/avatars\\\/22\\\/1781881488-bpfull.jpg\",\"contentUrl\":\"https:\\\/\\\/steinmuehle.de\\\/wp-content\\\/uploads\\\/sites\\\/5\\\/avatars\\\/22\\\/1781881488-bpfull.jpg\",\"caption\":\"Angela\"},\"url\":\"https:\\\/\\\/steinmuehle.de\\\/fr\\\/blog\\\/author\\\/aheinemann\\\/\"}]}<\/script>\n<!-- \/ Yoast SEO Premium plugin. -->","yoast_head_json":{"title":"Coop\u00e9ration avec Fleckenb\u00fchl sur la taille naturelle des arbres fruitiers - Steinm\u00fchle \u2013 Schule &amp; Internat","robots":{"index":"index","follow":"follow","max-snippet":"max-snippet:-1","max-image-preview":"max-image-preview:large","max-video-preview":"max-video-preview:-1"},"canonical":"https:\/\/steinmuehle.de\/fr\/blog\/2025\/02\/28\/cooperation-avec-fleckenbuehl-sur-la-taille-naturelle-des-arbres-fruitiers\/","og_locale":"fr_FR","og_type":"article","og_title":"Coop\u00e9ration avec Fleckenb\u00fchl sur la taille naturelle des arbres fruitiers","og_description":"&nbsp; Comment entretenir les arbres fruitiers ? C&rsquo;est une information importante pour la Steinm\u00fchle, puisqu&rsquo;un verger de vari\u00e9t\u00e9s anciennes a \u00e9t\u00e9 am\u00e9nag\u00e9 depuis quelque temps derri\u00e8re l&rsquo;atrium. Carmen Bastian, professeure de biologie \u00e0 la Steinm\u00fchle, avait invit\u00e9 David Rempen, sp\u00e9cialiste certifi\u00e9 en am\u00e9nagement paysager et en arboriculture fruiti\u00e8re, \u00e0 animer un atelier. Le nombre d&rsquo;inscriptions [&hellip;]","og_url":"https:\/\/steinmuehle.de\/fr\/blog\/2025\/02\/28\/cooperation-avec-fleckenbuehl-sur-la-taille-naturelle-des-arbres-fruitiers\/","og_site_name":"Steinm\u00fchle \u2013 Schule &amp; Internat","article_publisher":"https:\/\/www.facebook.com\/steinmuehle\/","article_published_time":"2025-02-28T11:14:38+00:00","og_image":[{"width":1500,"height":1248,"url":"https:\/\/steinmuehle.de\/wp-content\/uploads\/sites\/5\/2025\/07\/Obstbaumschnitt-e1752228800759-scaled.jpg","type":"image\/jpeg"}],"author":"Angela","twitter_card":"summary_large_image","twitter_misc":{"\u00c9crit par":"Angela","Dur\u00e9e de lecture estim\u00e9e":"2 minutes"},"schema":{"@context":"https:\/\/schema.org","@graph":[{"@type":"Article","@id":"https:\/\/steinmuehle.de\/fr\/blog\/2025\/02\/28\/cooperation-avec-fleckenbuehl-sur-la-taille-naturelle-des-arbres-fruitiers\/#article","isPartOf":{"@id":"https:\/\/steinmuehle.de\/fr\/blog\/2025\/02\/28\/cooperation-avec-fleckenbuehl-sur-la-taille-naturelle-des-arbres-fruitiers\/"},"author":{"name":"Angela","@id":"https:\/\/steinmuehle.de\/fr\/#\/schema\/person\/db22c3de9d446bd4caafaae7dede9f18"},"headline":"Coop\u00e9ration avec Fleckenb\u00fchl sur la taille naturelle des arbres fruitiers","datePublished":"2025-02-28T11:14:38+00:00","mainEntityOfPage":{"@id":"https:\/\/steinmuehle.de\/fr\/blog\/2025\/02\/28\/cooperation-avec-fleckenbuehl-sur-la-taille-naturelle-des-arbres-fruitiers\/"},"wordCount":325,"publisher":{"@id":"https:\/\/steinmuehle.de\/fr\/#organization"},"image":{"@id":"https:\/\/steinmuehle.de\/fr\/blog\/2025\/02\/28\/cooperation-avec-fleckenbuehl-sur-la-taille-naturelle-des-arbres-fruitiers\/#primaryimage"},"thumbnailUrl":"https:\/\/steinmuehle.de\/wp-content\/uploads\/2025\/07\/Obstbaumschnitt-1030x1030.jpg","articleSection":["Actualit\u00e9s","Coop\u00e9rations et partenariats","\u00c9cologie et d\u00e9veloppement durable"],"inLanguage":"fr-FR"},{"@type":"WebPage","@id":"https:\/\/steinmuehle.de\/fr\/blog\/2025\/02\/28\/cooperation-avec-fleckenbuehl-sur-la-taille-naturelle-des-arbres-fruitiers\/","url":"https:\/\/steinmuehle.de\/fr\/blog\/2025\/02\/28\/cooperation-avec-fleckenbuehl-sur-la-taille-naturelle-des-arbres-fruitiers\/","name":"Coop\u00e9ration avec Fleckenb\u00fchl sur la taille naturelle des arbres fruitiers - Steinm\u00fchle \u2013 Schule &amp; Internat","isPartOf":{"@id":"https:\/\/steinmuehle.de\/fr\/#website"},"primaryImageOfPage":{"@id":"https:\/\/steinmuehle.de\/fr\/blog\/2025\/02\/28\/cooperation-avec-fleckenbuehl-sur-la-taille-naturelle-des-arbres-fruitiers\/#primaryimage"},"image":{"@id":"https:\/\/steinmuehle.de\/fr\/blog\/2025\/02\/28\/cooperation-avec-fleckenbuehl-sur-la-taille-naturelle-des-arbres-fruitiers\/#primaryimage"},"thumbnailUrl":"https:\/\/steinmuehle.de\/wp-content\/uploads\/2025\/07\/Obstbaumschnitt-1030x1030.jpg","datePublished":"2025-02-28T11:14:38+00:00","breadcrumb":{"@id":"https:\/\/steinmuehle.de\/fr\/blog\/2025\/02\/28\/cooperation-avec-fleckenbuehl-sur-la-taille-naturelle-des-arbres-fruitiers\/#breadcrumb"},"inLanguage":"fr-FR","potentialAction":[{"@type":"ReadAction","target":["https:\/\/steinmuehle.de\/fr\/blog\/2025\/02\/28\/cooperation-avec-fleckenbuehl-sur-la-taille-naturelle-des-arbres-fruitiers\/"]}]},{"@type":"ImageObject","inLanguage":"fr-FR","@id":"https:\/\/steinmuehle.de\/fr\/blog\/2025\/02\/28\/cooperation-avec-fleckenbuehl-sur-la-taille-naturelle-des-arbres-fruitiers\/#primaryimage","url":"https:\/\/steinmuehle.de\/wp-content\/uploads\/2025\/07\/Obstbaumschnitt-1030x1030.jpg","contentUrl":"https:\/\/steinmuehle.de\/wp-content\/uploads\/2025\/07\/Obstbaumschnitt-1030x1030.jpg"},{"@type":"BreadcrumbList","@id":"https:\/\/steinmuehle.de\/fr\/blog\/2025\/02\/28\/cooperation-avec-fleckenbuehl-sur-la-taille-naturelle-des-arbres-fruitiers\/#breadcrumb","itemListElement":[{"@type":"ListItem","position":1,"name":"Start","item":"https:\/\/steinmuehle.de\/fr\/page-daccueil\/"},{"@type":"ListItem","position":2,"name":"Coop\u00e9ration avec Fleckenb\u00fchl sur la taille naturelle des arbres fruitiers"}]},{"@type":"WebSite","@id":"https:\/\/steinmuehle.de\/fr\/#website","url":"https:\/\/steinmuehle.de\/fr\/","name":"Steinm\u00fchle \u2013 Schule & Internat","description":"","publisher":{"@id":"https:\/\/steinmuehle.de\/fr\/#organization"},"potentialAction":[{"@type":"SearchAction","target":{"@type":"EntryPoint","urlTemplate":"https:\/\/steinmuehle.de\/fr\/?s={search_term_string}"},"query-input":{"@type":"PropertyValueSpecification","valueRequired":true,"valueName":"search_term_string"}}],"inLanguage":"fr-FR"},{"@type":"Organization","@id":"https:\/\/steinmuehle.de\/fr\/#organization","name":"Steinm\u00fchle \u2013 Schule & Internat","url":"https:\/\/steinmuehle.de\/fr\/","logo":{"@type":"ImageObject","inLanguage":"fr-FR","@id":"https:\/\/steinmuehle.de\/fr\/#\/schema\/logo\/image\/","url":"https:\/\/steinmuehle.de\/wp-content\/uploads\/sites\/5\/2025\/11\/Logo_SchuleInternat_Steinmuehle_2026_3.png","contentUrl":"https:\/\/steinmuehle.de\/wp-content\/uploads\/sites\/5\/2025\/11\/Logo_SchuleInternat_Steinmuehle_2026_3.png","width":450,"height":165,"caption":"Steinm\u00fchle \u2013 Schule & Internat"},"image":{"@id":"https:\/\/steinmuehle.de\/fr\/#\/schema\/logo\/image\/"},"sameAs":["https:\/\/www.facebook.com\/steinmuehle\/","https:\/\/www.instagram.com\/steinmuehle\/","https:\/\/www.linkedin.com\/school\/steinmuehle\/"]},{"@type":"Person","@id":"https:\/\/steinmuehle.de\/fr\/#\/schema\/person\/db22c3de9d446bd4caafaae7dede9f18","name":"Angela","image":{"@type":"ImageObject","inLanguage":"fr-FR","@id":"https:\/\/steinmuehle.de\/wp-content\/uploads\/sites\/5\/avatars\/22\/1781881488-bpfull.jpg","url":"https:\/\/steinmuehle.de\/wp-content\/uploads\/sites\/5\/avatars\/22\/1781881488-bpfull.jpg","contentUrl":"https:\/\/steinmuehle.de\/wp-content\/uploads\/sites\/5\/avatars\/22\/1781881488-bpfull.jpg","caption":"Angela"},"url":"https:\/\/steinmuehle.de\/fr\/blog\/author\/aheinemann\/"}]}},"_links":{"self":[{"href":"https:\/\/steinmuehle.de\/fr\/wp-json\/wp\/v2\/posts\/51770","targetHints":{"allow":["GET"]}}],"collection":[{"href":"https:\/\/steinmuehle.de\/fr\/wp-json\/wp\/v2\/posts"}],"about":[{"href":"https:\/\/steinmuehle.de\/fr\/wp-json\/wp\/v2\/types\/post"}],"author":[{"embeddable":true,"href":"https:\/\/steinmuehle.de\/fr\/wp-json\/wp\/v2\/users\/22"}],"replies":[{"embeddable":true,"href":"https:\/\/steinmuehle.de\/fr\/wp-json\/wp\/v2\/comments?post=51770"}],"version-history":[{"count":0,"href":"https:\/\/steinmuehle.de\/fr\/wp-json\/wp\/v2\/posts\/51770\/revisions"}],"wp:attachment":[{"href":"https:\/\/steinmuehle.de\/fr\/wp-json\/wp\/v2\/media?parent=51770"}],"wp:term":[{"taxonomy":"category","embeddable":true,"href":"https:\/\/steinmuehle.de\/fr\/wp-json\/wp\/v2\/categories?post=51770"},{"taxonomy":"post_tag","embeddable":true,"href":"https:\/\/steinmuehle.de\/fr\/wp-json\/wp\/v2\/tags?post=51770"}],"curies":[{"name":"wp","href":"https:\/\/api.w.org\/{rel}","templated":true}]}}