{"id":49643,"date":"2024-08-14T16:30:53","date_gmt":"2024-08-14T14:30:53","guid":{"rendered":"https:\/\/test.steinmuehle.de\/blog\/2024\/08\/14\/des-motifs-fascinants-tires-de-la-nature\/"},"modified":"2024-08-14T16:30:53","modified_gmt":"2024-08-14T14:30:53","slug":"des-motifs-fascinants-tires-de-la-nature","status":"publish","type":"post","link":"https:\/\/steinmuehle.de\/fr\/blog\/2024\/08\/14\/des-motifs-fascinants-tires-de-la-nature\/","title":{"rendered":"Des motifs fascinants tir\u00e9s de la nature"},"content":{"rendered":"<p class=\"default-style\">En collaboration avec le photographe et \u00e9cologiste animalier Sascha R\u00f6sner, les enseignantes de Steinm\u00fchlen, Ines Vielhaben et Antje Seel, ont mis sur pied une exposition num\u00e9rique qu&rsquo;elles ont pr\u00e9sent\u00e9e \u00e0 l&rsquo;occasion de la Journ\u00e9e internationale de la biodiversit\u00e9, dans le hall d&rsquo;entr\u00e9e du b\u00e2timent principal.<\/p>\n<p class=\"default-style\">\u00c0 divers endroits pr\u00e9cis de l&rsquo;espace europ\u00e9en, le photographe a r\u00e9ussi \u00e0 immortaliser des sujets issus du r\u00e8gne animal et de r\u00e9gions importantes sur le plan \u00e9cologique. Des explications ont permis de donner au spectateur une id\u00e9e de la diversit\u00e9 et de l&rsquo;importance des exemples pr\u00e9sent\u00e9s. Une affiche comportant des l\u00e9gendes a \u00e9t\u00e9 plac\u00e9e sur le mur, \u00e0 c\u00f4t\u00e9 de l&rsquo;\u00e9cran, dans l&rsquo;entr\u00e9e du b\u00e2timent principal ; elle \u00e9tait plastifi\u00e9e. Parall\u00e8lement, la pr\u00e9sentation des photos \u00e9tait diffus\u00e9e en boucle sur l&rsquo;\u00e9cran.   <\/p>\n<p class=\"default-style\">Le Steinm\u00fchle tient \u00e0 remercier toutes les personnes impliqu\u00e9es pour leur engagement, qui nous a permis, une fois de plus, de prendre conscience de la beaut\u00e9, des valeurs et de l&rsquo;importance de notre nature.<\/p>\n<p>&nbsp;<\/p>\n<div><img loading=\"lazy\" decoding=\"async\" class=\"alignnone wp-image-32379 size-large\" src=\"https:\/\/steinmuehle.de\/wp-content\/uploads\/2024\/07\/2024_Captions-Poster_Steinmuehle_001-729x1030.jpg\" alt=\"\" width=\"729\" height=\"1030\"><\/div>\n<div class=\"default-style\"><\/div>\n","protected":false},"excerpt":{"rendered":"<p>En collaboration avec le photographe et \u00e9cologiste animalier Sascha R\u00f6sner, les enseignantes de Steinm\u00fchlen, Ines Vielhaben et Antje Seel, ont mis sur pied une exposition num\u00e9rique qu&rsquo;elles ont pr\u00e9sent\u00e9e \u00e0 l&rsquo;occasion de la Journ\u00e9e internationale de la biodiversit\u00e9, dans le hall d&rsquo;entr\u00e9e du b\u00e2timent principal. \u00c0 divers endroits pr\u00e9cis de l&rsquo;espace europ\u00e9en, le photographe a [&hellip;]<\/p>\n","protected":false},"author":22,"featured_media":0,"comment_status":"closed","ping_status":"closed","sticky":false,"template":"","format":"standard","meta":{"_acf_changed":false,"footnotes":""},"categories":[147,152,172,171],"tags":[],"class_list":["post-49643","post","type-post","status-publish","format-standard","hentry","category-actualites","category-art-musique-et-theatre","category-ecologie-et-developpement-durable","category-politique-economie-et-responsabilite"],"acf":[],"yoast_head":"<!-- This site is optimized with the Yoast SEO Premium plugin v28.1 (Yoast SEO v28.3) - https:\/\/yoast.com\/product\/yoast-seo-premium-wordpress\/ -->\n<title>Des motifs fascinants tir\u00e9s de la nature - Steinm\u00fchle \u2013 Schule &amp; Internat<\/title>\n<meta name=\"robots\" content=\"index, follow, max-snippet:-1, max-image-preview:large, max-video-preview:-1\" \/>\n<link rel=\"canonical\" href=\"https:\/\/steinmuehle.de\/fr\/blog\/2024\/08\/14\/des-motifs-fascinants-tires-de-la-nature\/\" \/>\n<meta property=\"og:locale\" content=\"fr_FR\" \/>\n<meta property=\"og:type\" content=\"article\" \/>\n<meta property=\"og:title\" content=\"Des motifs fascinants tir\u00e9s de la nature\" \/>\n<meta property=\"og:description\" content=\"En collaboration avec le photographe et \u00e9cologiste animalier Sascha R\u00f6sner, les enseignantes de Steinm\u00fchlen, Ines Vielhaben et Antje Seel, ont mis sur pied une exposition num\u00e9rique qu&rsquo;elles ont pr\u00e9sent\u00e9e \u00e0 l&rsquo;occasion de la Journ\u00e9e internationale de la biodiversit\u00e9, dans le hall d&rsquo;entr\u00e9e du b\u00e2timent principal. \u00c0 divers endroits pr\u00e9cis de l&rsquo;espace europ\u00e9en, le photographe a [&hellip;]\" \/>\n<meta property=\"og:url\" content=\"https:\/\/steinmuehle.de\/fr\/blog\/2024\/08\/14\/des-motifs-fascinants-tires-de-la-nature\/\" \/>\n<meta property=\"og:site_name\" content=\"Steinm\u00fchle \u2013 Schule &amp; Internat\" \/>\n<meta property=\"article:publisher\" content=\"https:\/\/www.facebook.com\/steinmuehle\/\" \/>\n<meta property=\"article:published_time\" content=\"2024-08-14T14:30:53+00:00\" \/>\n<meta property=\"og:image\" content=\"https:\/\/steinmuehle.de\/wp-content\/uploads\/sites\/5\/2024\/07\/2024_Captions-Poster_Steinmuehle_001-e1723645979913.jpg\" \/>\n\t<meta property=\"og:image:width\" content=\"1153\" \/>\n\t<meta property=\"og:image:height\" content=\"1184\" \/>\n\t<meta property=\"og:image:type\" content=\"image\/jpeg\" \/>\n<meta name=\"author\" content=\"Angela\" \/>\n<meta name=\"twitter:card\" content=\"summary_large_image\" \/>\n<meta name=\"twitter:label1\" content=\"\u00c9crit par\" \/>\n\t<meta name=\"twitter:data1\" content=\"Angela\" \/>\n\t<meta name=\"twitter:label2\" content=\"Dur\u00e9e de lecture estim\u00e9e\" \/>\n\t<meta name=\"twitter:data2\" content=\"1 minute\" \/>\n<script type=\"application\/ld+json\" class=\"yoast-schema-graph\">{\"@context\":\"https:\\\/\\\/schema.org\",\"@graph\":[{\"@type\":\"Article\",\"@id\":\"https:\\\/\\\/steinmuehle.de\\\/fr\\\/blog\\\/2024\\\/08\\\/14\\\/des-motifs-fascinants-tires-de-la-nature\\\/#article\",\"isPartOf\":{\"@id\":\"https:\\\/\\\/steinmuehle.de\\\/fr\\\/blog\\\/2024\\\/08\\\/14\\\/des-motifs-fascinants-tires-de-la-nature\\\/\"},\"author\":{\"name\":\"Angela\",\"@id\":\"https:\\\/\\\/steinmuehle.de\\\/fr\\\/#\\\/schema\\\/person\\\/db22c3de9d446bd4caafaae7dede9f18\"},\"headline\":\"Des motifs fascinants tir\u00e9s de la nature\",\"datePublished\":\"2024-08-14T14:30:53+00:00\",\"mainEntityOfPage\":{\"@id\":\"https:\\\/\\\/steinmuehle.de\\\/fr\\\/blog\\\/2024\\\/08\\\/14\\\/des-motifs-fascinants-tires-de-la-nature\\\/\"},\"wordCount\":192,\"publisher\":{\"@id\":\"https:\\\/\\\/steinmuehle.de\\\/fr\\\/#organization\"},\"image\":{\"@id\":\"https:\\\/\\\/steinmuehle.de\\\/fr\\\/blog\\\/2024\\\/08\\\/14\\\/des-motifs-fascinants-tires-de-la-nature\\\/#primaryimage\"},\"thumbnailUrl\":\"https:\\\/\\\/steinmuehle.de\\\/wp-content\\\/uploads\\\/2024\\\/07\\\/2024_Captions-Poster_Steinmuehle_001-729x1030.jpg\",\"articleSection\":[\"Actualit\u00e9s\",\"Art, musique et th\u00e9\u00e2tre\",\"\u00c9cologie et d\u00e9veloppement durable\",\"Politique, \u00e9conomie et responsabilit\u00e9\"],\"inLanguage\":\"fr-FR\"},{\"@type\":\"WebPage\",\"@id\":\"https:\\\/\\\/steinmuehle.de\\\/fr\\\/blog\\\/2024\\\/08\\\/14\\\/des-motifs-fascinants-tires-de-la-nature\\\/\",\"url\":\"https:\\\/\\\/steinmuehle.de\\\/fr\\\/blog\\\/2024\\\/08\\\/14\\\/des-motifs-fascinants-tires-de-la-nature\\\/\",\"name\":\"Des motifs fascinants tir\u00e9s de la nature - Steinm\u00fchle \u2013 Schule &amp; Internat\",\"isPartOf\":{\"@id\":\"https:\\\/\\\/steinmuehle.de\\\/fr\\\/#website\"},\"primaryImageOfPage\":{\"@id\":\"https:\\\/\\\/steinmuehle.de\\\/fr\\\/blog\\\/2024\\\/08\\\/14\\\/des-motifs-fascinants-tires-de-la-nature\\\/#primaryimage\"},\"image\":{\"@id\":\"https:\\\/\\\/steinmuehle.de\\\/fr\\\/blog\\\/2024\\\/08\\\/14\\\/des-motifs-fascinants-tires-de-la-nature\\\/#primaryimage\"},\"thumbnailUrl\":\"https:\\\/\\\/steinmuehle.de\\\/wp-content\\\/uploads\\\/2024\\\/07\\\/2024_Captions-Poster_Steinmuehle_001-729x1030.jpg\",\"datePublished\":\"2024-08-14T14:30:53+00:00\",\"breadcrumb\":{\"@id\":\"https:\\\/\\\/steinmuehle.de\\\/fr\\\/blog\\\/2024\\\/08\\\/14\\\/des-motifs-fascinants-tires-de-la-nature\\\/#breadcrumb\"},\"inLanguage\":\"fr-FR\",\"potentialAction\":[{\"@type\":\"ReadAction\",\"target\":[\"https:\\\/\\\/steinmuehle.de\\\/fr\\\/blog\\\/2024\\\/08\\\/14\\\/des-motifs-fascinants-tires-de-la-nature\\\/\"]}]},{\"@type\":\"ImageObject\",\"inLanguage\":\"fr-FR\",\"@id\":\"https:\\\/\\\/steinmuehle.de\\\/fr\\\/blog\\\/2024\\\/08\\\/14\\\/des-motifs-fascinants-tires-de-la-nature\\\/#primaryimage\",\"url\":\"https:\\\/\\\/steinmuehle.de\\\/wp-content\\\/uploads\\\/2024\\\/07\\\/2024_Captions-Poster_Steinmuehle_001-729x1030.jpg\",\"contentUrl\":\"https:\\\/\\\/steinmuehle.de\\\/wp-content\\\/uploads\\\/2024\\\/07\\\/2024_Captions-Poster_Steinmuehle_001-729x1030.jpg\"},{\"@type\":\"BreadcrumbList\",\"@id\":\"https:\\\/\\\/steinmuehle.de\\\/fr\\\/blog\\\/2024\\\/08\\\/14\\\/des-motifs-fascinants-tires-de-la-nature\\\/#breadcrumb\",\"itemListElement\":[{\"@type\":\"ListItem\",\"position\":1,\"name\":\"Start\",\"item\":\"https:\\\/\\\/steinmuehle.de\\\/fr\\\/page-daccueil\\\/\"},{\"@type\":\"ListItem\",\"position\":2,\"name\":\"Des motifs fascinants tir\u00e9s de la nature\"}]},{\"@type\":\"WebSite\",\"@id\":\"https:\\\/\\\/steinmuehle.de\\\/fr\\\/#website\",\"url\":\"https:\\\/\\\/steinmuehle.de\\\/fr\\\/\",\"name\":\"Steinm\u00fchle \u2013 Schule & Internat\",\"description\":\"\",\"publisher\":{\"@id\":\"https:\\\/\\\/steinmuehle.de\\\/fr\\\/#organization\"},\"potentialAction\":[{\"@type\":\"SearchAction\",\"target\":{\"@type\":\"EntryPoint\",\"urlTemplate\":\"https:\\\/\\\/steinmuehle.de\\\/fr\\\/?s={search_term_string}\"},\"query-input\":{\"@type\":\"PropertyValueSpecification\",\"valueRequired\":true,\"valueName\":\"search_term_string\"}}],\"inLanguage\":\"fr-FR\"},{\"@type\":\"Organization\",\"@id\":\"https:\\\/\\\/steinmuehle.de\\\/fr\\\/#organization\",\"name\":\"Steinm\u00fchle \u2013 Schule & Internat\",\"url\":\"https:\\\/\\\/steinmuehle.de\\\/fr\\\/\",\"logo\":{\"@type\":\"ImageObject\",\"inLanguage\":\"fr-FR\",\"@id\":\"https:\\\/\\\/steinmuehle.de\\\/fr\\\/#\\\/schema\\\/logo\\\/image\\\/\",\"url\":\"https:\\\/\\\/steinmuehle.de\\\/wp-content\\\/uploads\\\/sites\\\/5\\\/2025\\\/11\\\/Logo_SchuleInternat_Steinmuehle_2026_3.png\",\"contentUrl\":\"https:\\\/\\\/steinmuehle.de\\\/wp-content\\\/uploads\\\/sites\\\/5\\\/2025\\\/11\\\/Logo_SchuleInternat_Steinmuehle_2026_3.png\",\"width\":450,\"height\":165,\"caption\":\"Steinm\u00fchle \u2013 Schule & Internat\"},\"image\":{\"@id\":\"https:\\\/\\\/steinmuehle.de\\\/fr\\\/#\\\/schema\\\/logo\\\/image\\\/\"},\"sameAs\":[\"https:\\\/\\\/www.facebook.com\\\/steinmuehle\\\/\",\"https:\\\/\\\/www.instagram.com\\\/steinmuehle\\\/\",\"https:\\\/\\\/www.linkedin.com\\\/school\\\/steinmuehle\\\/\"]},{\"@type\":\"Person\",\"@id\":\"https:\\\/\\\/steinmuehle.de\\\/fr\\\/#\\\/schema\\\/person\\\/db22c3de9d446bd4caafaae7dede9f18\",\"name\":\"Angela\",\"image\":{\"@type\":\"ImageObject\",\"inLanguage\":\"fr-FR\",\"@id\":\"https:\\\/\\\/steinmuehle.de\\\/wp-content\\\/uploads\\\/sites\\\/5\\\/avatars\\\/22\\\/1781881488-bpfull.jpg\",\"url\":\"https:\\\/\\\/steinmuehle.de\\\/wp-content\\\/uploads\\\/sites\\\/5\\\/avatars\\\/22\\\/1781881488-bpfull.jpg\",\"contentUrl\":\"https:\\\/\\\/steinmuehle.de\\\/wp-content\\\/uploads\\\/sites\\\/5\\\/avatars\\\/22\\\/1781881488-bpfull.jpg\",\"caption\":\"Angela\"},\"url\":\"https:\\\/\\\/steinmuehle.de\\\/fr\\\/blog\\\/author\\\/aheinemann\\\/\"}]}<\/script>\n<!-- \/ Yoast SEO Premium plugin. -->","yoast_head_json":{"title":"Des motifs fascinants tir\u00e9s de la nature - Steinm\u00fchle \u2013 Schule &amp; Internat","robots":{"index":"index","follow":"follow","max-snippet":"max-snippet:-1","max-image-preview":"max-image-preview:large","max-video-preview":"max-video-preview:-1"},"canonical":"https:\/\/steinmuehle.de\/fr\/blog\/2024\/08\/14\/des-motifs-fascinants-tires-de-la-nature\/","og_locale":"fr_FR","og_type":"article","og_title":"Des motifs fascinants tir\u00e9s de la nature","og_description":"En collaboration avec le photographe et \u00e9cologiste animalier Sascha R\u00f6sner, les enseignantes de Steinm\u00fchlen, Ines Vielhaben et Antje Seel, ont mis sur pied une exposition num\u00e9rique qu&rsquo;elles ont pr\u00e9sent\u00e9e \u00e0 l&rsquo;occasion de la Journ\u00e9e internationale de la biodiversit\u00e9, dans le hall d&rsquo;entr\u00e9e du b\u00e2timent principal. \u00c0 divers endroits pr\u00e9cis de l&rsquo;espace europ\u00e9en, le photographe a [&hellip;]","og_url":"https:\/\/steinmuehle.de\/fr\/blog\/2024\/08\/14\/des-motifs-fascinants-tires-de-la-nature\/","og_site_name":"Steinm\u00fchle \u2013 Schule &amp; Internat","article_publisher":"https:\/\/www.facebook.com\/steinmuehle\/","article_published_time":"2024-08-14T14:30:53+00:00","og_image":[{"width":1153,"height":1184,"url":"https:\/\/steinmuehle.de\/wp-content\/uploads\/sites\/5\/2024\/07\/2024_Captions-Poster_Steinmuehle_001-e1723645979913.jpg","type":"image\/jpeg"}],"author":"Angela","twitter_card":"summary_large_image","twitter_misc":{"\u00c9crit par":"Angela","Dur\u00e9e de lecture estim\u00e9e":"1 minute"},"schema":{"@context":"https:\/\/schema.org","@graph":[{"@type":"Article","@id":"https:\/\/steinmuehle.de\/fr\/blog\/2024\/08\/14\/des-motifs-fascinants-tires-de-la-nature\/#article","isPartOf":{"@id":"https:\/\/steinmuehle.de\/fr\/blog\/2024\/08\/14\/des-motifs-fascinants-tires-de-la-nature\/"},"author":{"name":"Angela","@id":"https:\/\/steinmuehle.de\/fr\/#\/schema\/person\/db22c3de9d446bd4caafaae7dede9f18"},"headline":"Des motifs fascinants tir\u00e9s de la nature","datePublished":"2024-08-14T14:30:53+00:00","mainEntityOfPage":{"@id":"https:\/\/steinmuehle.de\/fr\/blog\/2024\/08\/14\/des-motifs-fascinants-tires-de-la-nature\/"},"wordCount":192,"publisher":{"@id":"https:\/\/steinmuehle.de\/fr\/#organization"},"image":{"@id":"https:\/\/steinmuehle.de\/fr\/blog\/2024\/08\/14\/des-motifs-fascinants-tires-de-la-nature\/#primaryimage"},"thumbnailUrl":"https:\/\/steinmuehle.de\/wp-content\/uploads\/2024\/07\/2024_Captions-Poster_Steinmuehle_001-729x1030.jpg","articleSection":["Actualit\u00e9s","Art, musique et th\u00e9\u00e2tre","\u00c9cologie et d\u00e9veloppement durable","Politique, \u00e9conomie et responsabilit\u00e9"],"inLanguage":"fr-FR"},{"@type":"WebPage","@id":"https:\/\/steinmuehle.de\/fr\/blog\/2024\/08\/14\/des-motifs-fascinants-tires-de-la-nature\/","url":"https:\/\/steinmuehle.de\/fr\/blog\/2024\/08\/14\/des-motifs-fascinants-tires-de-la-nature\/","name":"Des motifs fascinants tir\u00e9s de la nature - Steinm\u00fchle \u2013 Schule &amp; Internat","isPartOf":{"@id":"https:\/\/steinmuehle.de\/fr\/#website"},"primaryImageOfPage":{"@id":"https:\/\/steinmuehle.de\/fr\/blog\/2024\/08\/14\/des-motifs-fascinants-tires-de-la-nature\/#primaryimage"},"image":{"@id":"https:\/\/steinmuehle.de\/fr\/blog\/2024\/08\/14\/des-motifs-fascinants-tires-de-la-nature\/#primaryimage"},"thumbnailUrl":"https:\/\/steinmuehle.de\/wp-content\/uploads\/2024\/07\/2024_Captions-Poster_Steinmuehle_001-729x1030.jpg","datePublished":"2024-08-14T14:30:53+00:00","breadcrumb":{"@id":"https:\/\/steinmuehle.de\/fr\/blog\/2024\/08\/14\/des-motifs-fascinants-tires-de-la-nature\/#breadcrumb"},"inLanguage":"fr-FR","potentialAction":[{"@type":"ReadAction","target":["https:\/\/steinmuehle.de\/fr\/blog\/2024\/08\/14\/des-motifs-fascinants-tires-de-la-nature\/"]}]},{"@type":"ImageObject","inLanguage":"fr-FR","@id":"https:\/\/steinmuehle.de\/fr\/blog\/2024\/08\/14\/des-motifs-fascinants-tires-de-la-nature\/#primaryimage","url":"https:\/\/steinmuehle.de\/wp-content\/uploads\/2024\/07\/2024_Captions-Poster_Steinmuehle_001-729x1030.jpg","contentUrl":"https:\/\/steinmuehle.de\/wp-content\/uploads\/2024\/07\/2024_Captions-Poster_Steinmuehle_001-729x1030.jpg"},{"@type":"BreadcrumbList","@id":"https:\/\/steinmuehle.de\/fr\/blog\/2024\/08\/14\/des-motifs-fascinants-tires-de-la-nature\/#breadcrumb","itemListElement":[{"@type":"ListItem","position":1,"name":"Start","item":"https:\/\/steinmuehle.de\/fr\/page-daccueil\/"},{"@type":"ListItem","position":2,"name":"Des motifs fascinants tir\u00e9s de la nature"}]},{"@type":"WebSite","@id":"https:\/\/steinmuehle.de\/fr\/#website","url":"https:\/\/steinmuehle.de\/fr\/","name":"Steinm\u00fchle \u2013 Schule & Internat","description":"","publisher":{"@id":"https:\/\/steinmuehle.de\/fr\/#organization"},"potentialAction":[{"@type":"SearchAction","target":{"@type":"EntryPoint","urlTemplate":"https:\/\/steinmuehle.de\/fr\/?s={search_term_string}"},"query-input":{"@type":"PropertyValueSpecification","valueRequired":true,"valueName":"search_term_string"}}],"inLanguage":"fr-FR"},{"@type":"Organization","@id":"https:\/\/steinmuehle.de\/fr\/#organization","name":"Steinm\u00fchle \u2013 Schule & Internat","url":"https:\/\/steinmuehle.de\/fr\/","logo":{"@type":"ImageObject","inLanguage":"fr-FR","@id":"https:\/\/steinmuehle.de\/fr\/#\/schema\/logo\/image\/","url":"https:\/\/steinmuehle.de\/wp-content\/uploads\/sites\/5\/2025\/11\/Logo_SchuleInternat_Steinmuehle_2026_3.png","contentUrl":"https:\/\/steinmuehle.de\/wp-content\/uploads\/sites\/5\/2025\/11\/Logo_SchuleInternat_Steinmuehle_2026_3.png","width":450,"height":165,"caption":"Steinm\u00fchle \u2013 Schule & Internat"},"image":{"@id":"https:\/\/steinmuehle.de\/fr\/#\/schema\/logo\/image\/"},"sameAs":["https:\/\/www.facebook.com\/steinmuehle\/","https:\/\/www.instagram.com\/steinmuehle\/","https:\/\/www.linkedin.com\/school\/steinmuehle\/"]},{"@type":"Person","@id":"https:\/\/steinmuehle.de\/fr\/#\/schema\/person\/db22c3de9d446bd4caafaae7dede9f18","name":"Angela","image":{"@type":"ImageObject","inLanguage":"fr-FR","@id":"https:\/\/steinmuehle.de\/wp-content\/uploads\/sites\/5\/avatars\/22\/1781881488-bpfull.jpg","url":"https:\/\/steinmuehle.de\/wp-content\/uploads\/sites\/5\/avatars\/22\/1781881488-bpfull.jpg","contentUrl":"https:\/\/steinmuehle.de\/wp-content\/uploads\/sites\/5\/avatars\/22\/1781881488-bpfull.jpg","caption":"Angela"},"url":"https:\/\/steinmuehle.de\/fr\/blog\/author\/aheinemann\/"}]}},"_links":{"self":[{"href":"https:\/\/steinmuehle.de\/fr\/wp-json\/wp\/v2\/posts\/49643","targetHints":{"allow":["GET"]}}],"collection":[{"href":"https:\/\/steinmuehle.de\/fr\/wp-json\/wp\/v2\/posts"}],"about":[{"href":"https:\/\/steinmuehle.de\/fr\/wp-json\/wp\/v2\/types\/post"}],"author":[{"embeddable":true,"href":"https:\/\/steinmuehle.de\/fr\/wp-json\/wp\/v2\/users\/22"}],"replies":[{"embeddable":true,"href":"https:\/\/steinmuehle.de\/fr\/wp-json\/wp\/v2\/comments?post=49643"}],"version-history":[{"count":0,"href":"https:\/\/steinmuehle.de\/fr\/wp-json\/wp\/v2\/posts\/49643\/revisions"}],"wp:attachment":[{"href":"https:\/\/steinmuehle.de\/fr\/wp-json\/wp\/v2\/media?parent=49643"}],"wp:term":[{"taxonomy":"category","embeddable":true,"href":"https:\/\/steinmuehle.de\/fr\/wp-json\/wp\/v2\/categories?post=49643"},{"taxonomy":"post_tag","embeddable":true,"href":"https:\/\/steinmuehle.de\/fr\/wp-json\/wp\/v2\/tags?post=49643"}],"curies":[{"name":"wp","href":"https:\/\/api.w.org\/{rel}","templated":true}]}}