{"id":86200,"date":"2026-07-17T20:26:53","date_gmt":"2026-07-17T18:26:53","guid":{"rendered":"https:\/\/steinmuehle.de\/blog\/2026\/07\/17\/steinmuehle-quedo-en-segundo-lugar-en-el-concurso-del-centro-aleman-de-aeronautica-y-espacial\/"},"modified":"2026-07-28T23:50:37","modified_gmt":"2026-07-28T21:50:37","slug":"steinmuehle-quedo-en-segundo-lugar-en-el-concurso-del-centro-aleman-de-aeronautica-y-espacial","status":"publish","type":"post","link":"https:\/\/steinmuehle.de\/es\/blog\/2026\/07\/17\/steinmuehle-quedo-en-segundo-lugar-en-el-concurso-del-centro-aleman-de-aeronautica-y-espacial\/","title":{"rendered":"Steinm\u00fchle qued\u00f3 en segundo lugar en el concurso del Centro Alem\u00e1n de Aeron\u00e1utica y Espacial"},"content":{"rendered":"<p>Es sensacional: Jan Konwerski y Lisa Schreier, alumnos de 11.\u00ba curso del programa \u00abplus-MINT\u00bb del internado Steinm\u00fchle, han conseguido el segundo puesto en el concurso School-Lab del Centro Alem\u00e1n de Aeron\u00e1utica y Astron\u00e1utica (DLR) con su modelo de bomba de calor.<\/p>\n<p>\u00abEstamos muy contentos con este gran \u00e9xito\u00bb, comentaron la responsable del proyecto, la Dra. Jutta T\u00f6hl-Borsdorf \u2014que tambi\u00e9n es coordinadora de MINT en el colegio y internado Steinm\u00fchle\u2014, el director general Dirk Konnertz y el director del centro, Bj\u00f6rn Gemmer.<\/p>\n<p>Todo el mundo habla de las bombas de calor, y esta tecnolog\u00eda ya est\u00e1 presente en muchos edificios. En cuanto a las cifras, la penetraci\u00f3n de las bombas de calor en Alemania ronda el 6 % del total de viviendas. Aunque hay muchos aparatos muy avanzados en el mercado, teniendo en cuenta estos datos, los enfoques innovadores de los j\u00f3venes investigadores y investigadoras siguen siendo importantes. Solo as\u00ed se podr\u00e1 seguir desarrollando este campo, destacar la importancia de esta tecnolog\u00eda y llevar el tema hacia el futuro.   <\/p>\n<p>&nbsp;<\/p>\n<p><strong>La tarea: construir modelos mec\u00e1nicos o virtuales<\/strong><\/p>\n<p><span data-subtree=\"aimfl,mfl\" data-copy-service-computed-style=\"font-family: Google Sans, Arial, sans-serif; font-size: 16px; font-weight: 400; margin: 0px; text-decoration: none; border-bottom: 0px rgb(10, 10, 10);\"><span data-subtree=\"aimfl,mfl\" data-copy-service-computed-style=\"font-family: Google Sans, Arial, sans-serif; font-size: 16px; font-weight: 400; margin: 0px; text-decoration: none; border-bottom: 0px rgb(10, 10, 10);\">El Premio DLR School Lab 2026 fue un concurso para estudiantes sobre bombas de calor clim\u00e1ticamente neutras.<\/span><\/span><\/p>\n<div class=\"default-style\">El tema era \u00abReducir las emisiones de CO\u2082 con la bomba de calor\u00bb.<\/div>\n<div class=\"default-style\">La tarea de los alumnos consist\u00eda en explicar c\u00f3mo funciona una bomba de calor basada en el ciclo de Brayton y construir un modelo de la misma.<\/div>\n<div class=\"default-style\">Los equipos de los cursos 6.\u00ba a 12.\u00ba lo hicieron mediante la construcci\u00f3n de modelos mec\u00e1nicos o virtuales.<\/div>\n<p>En nombre del DLR, el Dr. Thomas Fester, de la direcci\u00f3n del proyecto, invit\u00f3 a los dos j\u00f3venes investigadores de Steinm\u00fchle a la entrega de premios en la sede del DLR en Zittau. De all\u00ed se llevaron a casa un mont\u00f3n de nuevas experiencias, mucha informaci\u00f3n y un premio en met\u00e1lico de 700 euros. <\/p>\n<p>En su propia p\u00e1gina web, el DLR tambi\u00e9n habla del premio DLR School Lab: <a href=\"https:\/\/www.dlr.de\/de\/schoollab\/aktuelles\/nachrichten\/2026\/wie-gelingt-eine-nachhaltige-energieversorgung-der-industrie\">https:\/\/www.dlr.de\/de\/schoollab\/aktuelles\/nachrichten\/2026\/wie-gelingt-eine-nachhaltige-energieversorgung-der-industrie<\/a>.<\/p>\n<p>&nbsp;<\/p>\n<p>Con el resultado obtenido en este prestigioso concurso, el Steinm\u00fchle \u2014que, entre otras cosas, ofrece actividades deportivas como el remo y la equitaci\u00f3n\u2014 reafirma su buena reputaci\u00f3n como internado \u00abplus-MINT\u00bb.<\/p>\n<p><em>(Angela Heinemann)<\/em><\/p>\n<p>&nbsp;<\/p>\n<p><img loading=\"lazy\" decoding=\"async\" class=\"alignnone wp-image-86192 size-large\" src=\"https:\/\/steinmuehle.de\/wp-content\/uploads\/sites\/5\/2026\/07\/2026-06-24_14-04-35_DLR-Zittau-773x1030.jpeg\" alt=\"\" width=\"773\" height=\"1030\" srcset=\"https:\/\/steinmuehle.de\/wp-content\/uploads\/sites\/5\/2026\/07\/2026-06-24_14-04-35_DLR-Zittau-773x1030.jpeg 773w, https:\/\/steinmuehle.de\/wp-content\/uploads\/sites\/5\/2026\/07\/2026-06-24_14-04-35_DLR-Zittau-225x300.jpeg 225w, https:\/\/steinmuehle.de\/wp-content\/uploads\/sites\/5\/2026\/07\/2026-06-24_14-04-35_DLR-Zittau-768x1024.jpeg 768w, https:\/\/steinmuehle.de\/wp-content\/uploads\/sites\/5\/2026\/07\/2026-06-24_14-04-35_DLR-Zittau-529x705.jpeg 529w, https:\/\/steinmuehle.de\/wp-content\/uploads\/sites\/5\/2026\/07\/2026-06-24_14-04-35_DLR-Zittau-18x24.jpeg 18w, https:\/\/steinmuehle.de\/wp-content\/uploads\/sites\/5\/2026\/07\/2026-06-24_14-04-35_DLR-Zittau-27x36.jpeg 27w, https:\/\/steinmuehle.de\/wp-content\/uploads\/sites\/5\/2026\/07\/2026-06-24_14-04-35_DLR-Zittau-36x48.jpeg 36w, https:\/\/steinmuehle.de\/wp-content\/uploads\/sites\/5\/2026\/07\/2026-06-24_14-04-35_DLR-Zittau.jpeg 960w\" sizes=\"auto, (max-width: 773px) 100vw, 773px\" \/><img loading=\"lazy\" decoding=\"async\" class=\"alignnone wp-image-86191 size-large\" src=\"https:\/\/steinmuehle.de\/wp-content\/uploads\/sites\/5\/2026\/07\/2026-06-24_10-17-32d_DLR-Zittau-1030x579.jpeg\" alt=\"\" width=\"1030\" height=\"579\" srcset=\"https:\/\/steinmuehle.de\/wp-content\/uploads\/sites\/5\/2026\/07\/2026-06-24_10-17-32d_DLR-Zittau-1030x579.jpeg 1030w, https:\/\/steinmuehle.de\/wp-content\/uploads\/sites\/5\/2026\/07\/2026-06-24_10-17-32d_DLR-Zittau-300x169.jpeg 300w, https:\/\/steinmuehle.de\/wp-content\/uploads\/sites\/5\/2026\/07\/2026-06-24_10-17-32d_DLR-Zittau-768x432.jpeg 768w, https:\/\/steinmuehle.de\/wp-content\/uploads\/sites\/5\/2026\/07\/2026-06-24_10-17-32d_DLR-Zittau-705x397.jpeg 705w, https:\/\/steinmuehle.de\/wp-content\/uploads\/sites\/5\/2026\/07\/2026-06-24_10-17-32d_DLR-Zittau-24x14.jpeg 24w, https:\/\/steinmuehle.de\/wp-content\/uploads\/sites\/5\/2026\/07\/2026-06-24_10-17-32d_DLR-Zittau-36x20.jpeg 36w, https:\/\/steinmuehle.de\/wp-content\/uploads\/sites\/5\/2026\/07\/2026-06-24_10-17-32d_DLR-Zittau-48x27.jpeg 48w, https:\/\/steinmuehle.de\/wp-content\/uploads\/sites\/5\/2026\/07\/2026-06-24_10-17-32d_DLR-Zittau.jpeg 1280w\" sizes=\"auto, (max-width: 1030px) 100vw, 1030px\" \/><img loading=\"lazy\" decoding=\"async\" class=\"alignnone wp-image-86189 size-large\" src=\"https:\/\/steinmuehle.de\/wp-content\/uploads\/sites\/5\/2026\/07\/2026-06-24_14-05-31_DLR-Zittau-1030x773.jpeg\" alt=\"\" width=\"1030\" height=\"773\" srcset=\"https:\/\/steinmuehle.de\/wp-content\/uploads\/sites\/5\/2026\/07\/2026-06-24_14-05-31_DLR-Zittau-1030x773.jpeg 1030w, https:\/\/steinmuehle.de\/wp-content\/uploads\/sites\/5\/2026\/07\/2026-06-24_14-05-31_DLR-Zittau-300x225.jpeg 300w, https:\/\/steinmuehle.de\/wp-content\/uploads\/sites\/5\/2026\/07\/2026-06-24_14-05-31_DLR-Zittau-768x576.jpeg 768w, https:\/\/steinmuehle.de\/wp-content\/uploads\/sites\/5\/2026\/07\/2026-06-24_14-05-31_DLR-Zittau-705x529.jpeg 705w, https:\/\/steinmuehle.de\/wp-content\/uploads\/sites\/5\/2026\/07\/2026-06-24_14-05-31_DLR-Zittau-24x18.jpeg 24w, https:\/\/steinmuehle.de\/wp-content\/uploads\/sites\/5\/2026\/07\/2026-06-24_14-05-31_DLR-Zittau-36x27.jpeg 36w, https:\/\/steinmuehle.de\/wp-content\/uploads\/sites\/5\/2026\/07\/2026-06-24_14-05-31_DLR-Zittau-48x36.jpeg 48w, https:\/\/steinmuehle.de\/wp-content\/uploads\/sites\/5\/2026\/07\/2026-06-24_14-05-31_DLR-Zittau.jpeg 1280w\" sizes=\"auto, (max-width: 1030px) 100vw, 1030px\" \/><img loading=\"lazy\" decoding=\"async\" class=\"alignnone wp-image-86188 size-large\" src=\"https:\/\/steinmuehle.de\/wp-content\/uploads\/sites\/5\/2026\/07\/2026-06-24_16-15-51_DLR-Zittau-1030x773.jpeg\" alt=\"\" width=\"1030\" height=\"773\" srcset=\"https:\/\/steinmuehle.de\/wp-content\/uploads\/sites\/5\/2026\/07\/2026-06-24_16-15-51_DLR-Zittau-1030x773.jpeg 1030w, https:\/\/steinmuehle.de\/wp-content\/uploads\/sites\/5\/2026\/07\/2026-06-24_16-15-51_DLR-Zittau-300x225.jpeg 300w, https:\/\/steinmuehle.de\/wp-content\/uploads\/sites\/5\/2026\/07\/2026-06-24_16-15-51_DLR-Zittau-768x576.jpeg 768w, https:\/\/steinmuehle.de\/wp-content\/uploads\/sites\/5\/2026\/07\/2026-06-24_16-15-51_DLR-Zittau-705x529.jpeg 705w, https:\/\/steinmuehle.de\/wp-content\/uploads\/sites\/5\/2026\/07\/2026-06-24_16-15-51_DLR-Zittau-24x18.jpeg 24w, https:\/\/steinmuehle.de\/wp-content\/uploads\/sites\/5\/2026\/07\/2026-06-24_16-15-51_DLR-Zittau-36x27.jpeg 36w, https:\/\/steinmuehle.de\/wp-content\/uploads\/sites\/5\/2026\/07\/2026-06-24_16-15-51_DLR-Zittau-48x36.jpeg 48w, https:\/\/steinmuehle.de\/wp-content\/uploads\/sites\/5\/2026\/07\/2026-06-24_16-15-51_DLR-Zittau.jpeg 1280w\" sizes=\"auto, (max-width: 1030px) 100vw, 1030px\" \/><img loading=\"lazy\" decoding=\"async\" class=\"alignnone wp-image-86190 size-large\" src=\"https:\/\/steinmuehle.de\/wp-content\/uploads\/sites\/5\/2026\/07\/2026-06-11_10-59-57_Waermepumpenbau-DLR-Preis-e1784313013345.jpeg\" alt=\"\" width=\"1030\" height=\"665\" srcset=\"https:\/\/steinmuehle.de\/wp-content\/uploads\/sites\/5\/2026\/07\/2026-06-11_10-59-57_Waermepumpenbau-DLR-Preis-e1784313013345.jpeg 1280w, https:\/\/steinmuehle.de\/wp-content\/uploads\/sites\/5\/2026\/07\/2026-06-11_10-59-57_Waermepumpenbau-DLR-Preis-e1784313013345-300x194.jpeg 300w, https:\/\/steinmuehle.de\/wp-content\/uploads\/sites\/5\/2026\/07\/2026-06-11_10-59-57_Waermepumpenbau-DLR-Preis-e1784313013345-1030x665.jpeg 1030w, https:\/\/steinmuehle.de\/wp-content\/uploads\/sites\/5\/2026\/07\/2026-06-11_10-59-57_Waermepumpenbau-DLR-Preis-e1784313013345-768x496.jpeg 768w, https:\/\/steinmuehle.de\/wp-content\/uploads\/sites\/5\/2026\/07\/2026-06-11_10-59-57_Waermepumpenbau-DLR-Preis-e1784313013345-705x455.jpeg 705w, https:\/\/steinmuehle.de\/wp-content\/uploads\/sites\/5\/2026\/07\/2026-06-11_10-59-57_Waermepumpenbau-DLR-Preis-e1784313013345-24x15.jpeg 24w, https:\/\/steinmuehle.de\/wp-content\/uploads\/sites\/5\/2026\/07\/2026-06-11_10-59-57_Waermepumpenbau-DLR-Preis-e1784313013345-36x23.jpeg 36w, https:\/\/steinmuehle.de\/wp-content\/uploads\/sites\/5\/2026\/07\/2026-06-11_10-59-57_Waermepumpenbau-DLR-Preis-e1784313013345-48x31.jpeg 48w\" sizes=\"auto, (max-width: 1030px) 100vw, 1030px\" \/><\/p>\n<div class=\"io-ox-signature\">\n<div class=\"default-style\"><\/div>\n<\/div>\n","protected":false},"excerpt":{"rendered":"<p>Es sensacional: Jan Konwerski y Lisa Schreier, alumnos de 11.\u00ba curso del programa \u00abplus-MINT\u00bb del internado Steinm\u00fchle, han conseguido el segundo puesto en el concurso School-Lab del Centro Alem\u00e1n de Aeron\u00e1utica y Astron\u00e1utica (DLR) con su modelo de bomba de calor. \u00abEstamos muy contentos con este gran \u00e9xito\u00bb, comentaron la responsable del proyecto, la Dra. [&hellip;]<\/p>\n","protected":false},"author":22,"featured_media":86207,"comment_status":"closed","ping_status":"open","sticky":false,"template":"","format":"standard","meta":{"_acf_changed":false,"footnotes":""},"categories":[145,146,200,143],"tags":[],"class_list":["post-86200","post","type-post","status-publish","format-standard","has-post-thumbnail","hentry","category-concursos-y-premios","category-fomento-del-talento","category-mint","category-noticias"],"acf":[],"yoast_head":"<!-- This site is optimized with the Yoast SEO Premium plugin v28.1 (Yoast SEO v28.3) - https:\/\/yoast.com\/product\/yoast-seo-premium-wordpress\/ -->\n<title>Steinm\u00fchle qued\u00f3 en segundo lugar en el concurso del Centro Alem\u00e1n de Aeron\u00e1utica y Espacial - Steinm\u00fchle \u2013 Schule &amp; Internat<\/title>\n<meta name=\"robots\" content=\"index, follow, max-snippet:-1, max-image-preview:large, max-video-preview:-1\" \/>\n<link rel=\"canonical\" href=\"https:\/\/steinmuehle.de\/es\/blog\/2026\/07\/17\/steinmuehle-quedo-en-segundo-lugar-en-el-concurso-del-centro-aleman-de-aeronautica-y-espacial\/\" \/>\n<meta property=\"og:locale\" content=\"es_ES\" \/>\n<meta property=\"og:type\" content=\"article\" \/>\n<meta property=\"og:title\" content=\"Steinm\u00fchle qued\u00f3 en segundo lugar en el concurso del Centro Alem\u00e1n de Aeron\u00e1utica y Espacial\" \/>\n<meta property=\"og:description\" content=\"Es sensacional: Jan Konwerski y Lisa Schreier, alumnos de 11.\u00ba curso del programa \u00abplus-MINT\u00bb del internado Steinm\u00fchle, han conseguido el segundo puesto en el concurso School-Lab del Centro Alem\u00e1n de Aeron\u00e1utica y Astron\u00e1utica (DLR) con su modelo de bomba de calor. \u00abEstamos muy contentos con este gran \u00e9xito\u00bb, comentaron la responsable del proyecto, la Dra. [&hellip;]\" \/>\n<meta property=\"og:url\" content=\"https:\/\/steinmuehle.de\/es\/blog\/2026\/07\/17\/steinmuehle-quedo-en-segundo-lugar-en-el-concurso-del-centro-aleman-de-aeronautica-y-espacial\/\" \/>\n<meta property=\"og:site_name\" content=\"Steinm\u00fchle \u2013 Schule &amp; Internat\" \/>\n<meta property=\"article:publisher\" content=\"https:\/\/www.facebook.com\/steinmuehle\/\" \/>\n<meta property=\"article:published_time\" content=\"2026-07-17T18:26:53+00:00\" \/>\n<meta property=\"article:modified_time\" content=\"2026-07-28T21:50:37+00:00\" \/>\n<meta property=\"og:image\" content=\"https:\/\/steinmuehle.de\/wp-content\/uploads\/sites\/5\/2026\/07\/2026-06-11_10-59-57_Waermepumpenbau-DLR-Preis-e1784313013345.jpeg\" \/>\n\t<meta property=\"og:image:width\" content=\"1280\" \/>\n\t<meta property=\"og:image:height\" content=\"960\" \/>\n\t<meta property=\"og:image:type\" content=\"image\/jpeg\" \/>\n<meta name=\"author\" content=\"Angela\" \/>\n<meta name=\"twitter:card\" content=\"summary_large_image\" \/>\n<meta name=\"twitter:label1\" content=\"Escrito por\" \/>\n\t<meta name=\"twitter:data1\" content=\"Angela\" \/>\n\t<meta name=\"twitter:label2\" content=\"Tiempo de lectura\" \/>\n\t<meta name=\"twitter:data2\" content=\"2 minutos\" \/>\n<script type=\"application\/ld+json\" class=\"yoast-schema-graph\">{\"@context\":\"https:\\\/\\\/schema.org\",\"@graph\":[{\"@type\":\"Article\",\"@id\":\"https:\\\/\\\/steinmuehle.de\\\/es\\\/blog\\\/2026\\\/07\\\/17\\\/steinmuehle-quedo-en-segundo-lugar-en-el-concurso-del-centro-aleman-de-aeronautica-y-espacial\\\/#article\",\"isPartOf\":{\"@id\":\"https:\\\/\\\/steinmuehle.de\\\/es\\\/blog\\\/2026\\\/07\\\/17\\\/steinmuehle-quedo-en-segundo-lugar-en-el-concurso-del-centro-aleman-de-aeronautica-y-espacial\\\/\"},\"author\":{\"name\":\"Angela\",\"@id\":\"https:\\\/\\\/steinmuehle.de\\\/es\\\/#\\\/schema\\\/person\\\/16dc40a7fc9b759e1279be97ac570529\"},\"headline\":\"Steinm\u00fchle qued\u00f3 en segundo lugar en el concurso del Centro Alem\u00e1n de Aeron\u00e1utica y Espacial\",\"datePublished\":\"2026-07-17T18:26:53+00:00\",\"dateModified\":\"2026-07-28T21:50:37+00:00\",\"mainEntityOfPage\":{\"@id\":\"https:\\\/\\\/steinmuehle.de\\\/es\\\/blog\\\/2026\\\/07\\\/17\\\/steinmuehle-quedo-en-segundo-lugar-en-el-concurso-del-centro-aleman-de-aeronautica-y-espacial\\\/\"},\"wordCount\":402,\"publisher\":{\"@id\":\"https:\\\/\\\/steinmuehle.de\\\/es\\\/#organization\"},\"image\":{\"@id\":\"https:\\\/\\\/steinmuehle.de\\\/es\\\/blog\\\/2026\\\/07\\\/17\\\/steinmuehle-quedo-en-segundo-lugar-en-el-concurso-del-centro-aleman-de-aeronautica-y-espacial\\\/#primaryimage\"},\"thumbnailUrl\":\"https:\\\/\\\/steinmuehle.de\\\/wp-content\\\/uploads\\\/sites\\\/5\\\/2026\\\/07\\\/2026-06-11_10-59-57_Waermepumpenbau-DLR-Preis-e1784313013345.jpeg\",\"articleSection\":[\"Concursos y premios\",\"Fomento del talento\",\"MINT\",\"Noticias\"],\"inLanguage\":\"es\"},{\"@type\":\"WebPage\",\"@id\":\"https:\\\/\\\/steinmuehle.de\\\/es\\\/blog\\\/2026\\\/07\\\/17\\\/steinmuehle-quedo-en-segundo-lugar-en-el-concurso-del-centro-aleman-de-aeronautica-y-espacial\\\/\",\"url\":\"https:\\\/\\\/steinmuehle.de\\\/es\\\/blog\\\/2026\\\/07\\\/17\\\/steinmuehle-quedo-en-segundo-lugar-en-el-concurso-del-centro-aleman-de-aeronautica-y-espacial\\\/\",\"name\":\"Steinm\u00fchle qued\u00f3 en segundo lugar en el concurso del Centro Alem\u00e1n de Aeron\u00e1utica y Espacial - Steinm\u00fchle \u2013 Schule &amp; Internat\",\"isPartOf\":{\"@id\":\"https:\\\/\\\/steinmuehle.de\\\/es\\\/#website\"},\"primaryImageOfPage\":{\"@id\":\"https:\\\/\\\/steinmuehle.de\\\/es\\\/blog\\\/2026\\\/07\\\/17\\\/steinmuehle-quedo-en-segundo-lugar-en-el-concurso-del-centro-aleman-de-aeronautica-y-espacial\\\/#primaryimage\"},\"image\":{\"@id\":\"https:\\\/\\\/steinmuehle.de\\\/es\\\/blog\\\/2026\\\/07\\\/17\\\/steinmuehle-quedo-en-segundo-lugar-en-el-concurso-del-centro-aleman-de-aeronautica-y-espacial\\\/#primaryimage\"},\"thumbnailUrl\":\"https:\\\/\\\/steinmuehle.de\\\/wp-content\\\/uploads\\\/sites\\\/5\\\/2026\\\/07\\\/2026-06-11_10-59-57_Waermepumpenbau-DLR-Preis-e1784313013345.jpeg\",\"datePublished\":\"2026-07-17T18:26:53+00:00\",\"dateModified\":\"2026-07-28T21:50:37+00:00\",\"breadcrumb\":{\"@id\":\"https:\\\/\\\/steinmuehle.de\\\/es\\\/blog\\\/2026\\\/07\\\/17\\\/steinmuehle-quedo-en-segundo-lugar-en-el-concurso-del-centro-aleman-de-aeronautica-y-espacial\\\/#breadcrumb\"},\"inLanguage\":\"es\",\"potentialAction\":[{\"@type\":\"ReadAction\",\"target\":[\"https:\\\/\\\/steinmuehle.de\\\/es\\\/blog\\\/2026\\\/07\\\/17\\\/steinmuehle-quedo-en-segundo-lugar-en-el-concurso-del-centro-aleman-de-aeronautica-y-espacial\\\/\"]}]},{\"@type\":\"ImageObject\",\"inLanguage\":\"es\",\"@id\":\"https:\\\/\\\/steinmuehle.de\\\/es\\\/blog\\\/2026\\\/07\\\/17\\\/steinmuehle-quedo-en-segundo-lugar-en-el-concurso-del-centro-aleman-de-aeronautica-y-espacial\\\/#primaryimage\",\"url\":\"https:\\\/\\\/steinmuehle.de\\\/wp-content\\\/uploads\\\/sites\\\/5\\\/2026\\\/07\\\/2026-06-11_10-59-57_Waermepumpenbau-DLR-Preis-e1784313013345.jpeg\",\"contentUrl\":\"https:\\\/\\\/steinmuehle.de\\\/wp-content\\\/uploads\\\/sites\\\/5\\\/2026\\\/07\\\/2026-06-11_10-59-57_Waermepumpenbau-DLR-Preis-e1784313013345.jpeg\",\"width\":1280,\"height\":960},{\"@type\":\"BreadcrumbList\",\"@id\":\"https:\\\/\\\/steinmuehle.de\\\/es\\\/blog\\\/2026\\\/07\\\/17\\\/steinmuehle-quedo-en-segundo-lugar-en-el-concurso-del-centro-aleman-de-aeronautica-y-espacial\\\/#breadcrumb\",\"itemListElement\":[{\"@type\":\"ListItem\",\"position\":1,\"name\":\"Empezar\",\"item\":\"https:\\\/\\\/steinmuehle.de\\\/es\\\/inicio\\\/\"},{\"@type\":\"ListItem\",\"position\":2,\"name\":\"Steinm\u00fchle qued\u00f3 en segundo lugar en el concurso del Centro Alem\u00e1n de Aeron\u00e1utica y Espacial\"}]},{\"@type\":\"WebSite\",\"@id\":\"https:\\\/\\\/steinmuehle.de\\\/es\\\/#website\",\"url\":\"https:\\\/\\\/steinmuehle.de\\\/es\\\/\",\"name\":\"Steinm\u00fchle \u2013 Schule & Internat\",\"description\":\"\",\"publisher\":{\"@id\":\"https:\\\/\\\/steinmuehle.de\\\/es\\\/#organization\"},\"potentialAction\":[{\"@type\":\"SearchAction\",\"target\":{\"@type\":\"EntryPoint\",\"urlTemplate\":\"https:\\\/\\\/steinmuehle.de\\\/es\\\/?s={search_term_string}\"},\"query-input\":{\"@type\":\"PropertyValueSpecification\",\"valueRequired\":true,\"valueName\":\"search_term_string\"}}],\"inLanguage\":\"es\"},{\"@type\":\"Organization\",\"@id\":\"https:\\\/\\\/steinmuehle.de\\\/es\\\/#organization\",\"name\":\"Steinm\u00fchle \u2013 Schule & Internat\",\"url\":\"https:\\\/\\\/steinmuehle.de\\\/es\\\/\",\"logo\":{\"@type\":\"ImageObject\",\"inLanguage\":\"es\",\"@id\":\"https:\\\/\\\/steinmuehle.de\\\/es\\\/#\\\/schema\\\/logo\\\/image\\\/\",\"url\":\"https:\\\/\\\/steinmuehle.de\\\/wp-content\\\/uploads\\\/sites\\\/5\\\/2025\\\/11\\\/Logo_SchuleInternat_Steinmuehle_2026_3.png\",\"contentUrl\":\"https:\\\/\\\/steinmuehle.de\\\/wp-content\\\/uploads\\\/sites\\\/5\\\/2025\\\/11\\\/Logo_SchuleInternat_Steinmuehle_2026_3.png\",\"width\":450,\"height\":165,\"caption\":\"Steinm\u00fchle \u2013 Schule & Internat\"},\"image\":{\"@id\":\"https:\\\/\\\/steinmuehle.de\\\/es\\\/#\\\/schema\\\/logo\\\/image\\\/\"},\"sameAs\":[\"https:\\\/\\\/www.facebook.com\\\/steinmuehle\\\/\",\"https:\\\/\\\/www.instagram.com\\\/steinmuehle\\\/\",\"https:\\\/\\\/www.linkedin.com\\\/school\\\/steinmuehle\\\/\"]},{\"@type\":\"Person\",\"@id\":\"https:\\\/\\\/steinmuehle.de\\\/es\\\/#\\\/schema\\\/person\\\/16dc40a7fc9b759e1279be97ac570529\",\"name\":\"Angela\",\"image\":{\"@type\":\"ImageObject\",\"inLanguage\":\"es\",\"@id\":\"https:\\\/\\\/steinmuehle.de\\\/wp-content\\\/uploads\\\/sites\\\/5\\\/avatars\\\/22\\\/1781881488-bpfull.jpg\",\"url\":\"https:\\\/\\\/steinmuehle.de\\\/wp-content\\\/uploads\\\/sites\\\/5\\\/avatars\\\/22\\\/1781881488-bpfull.jpg\",\"contentUrl\":\"https:\\\/\\\/steinmuehle.de\\\/wp-content\\\/uploads\\\/sites\\\/5\\\/avatars\\\/22\\\/1781881488-bpfull.jpg\",\"caption\":\"Angela\"},\"url\":\"https:\\\/\\\/steinmuehle.de\\\/es\\\/blog\\\/author\\\/aheinemann\\\/\"}]}<\/script>\n<!-- \/ Yoast SEO Premium plugin. -->","yoast_head_json":{"title":"Steinm\u00fchle qued\u00f3 en segundo lugar en el concurso del Centro Alem\u00e1n de Aeron\u00e1utica y Espacial - Steinm\u00fchle \u2013 Schule &amp; Internat","robots":{"index":"index","follow":"follow","max-snippet":"max-snippet:-1","max-image-preview":"max-image-preview:large","max-video-preview":"max-video-preview:-1"},"canonical":"https:\/\/steinmuehle.de\/es\/blog\/2026\/07\/17\/steinmuehle-quedo-en-segundo-lugar-en-el-concurso-del-centro-aleman-de-aeronautica-y-espacial\/","og_locale":"es_ES","og_type":"article","og_title":"Steinm\u00fchle qued\u00f3 en segundo lugar en el concurso del Centro Alem\u00e1n de Aeron\u00e1utica y Espacial","og_description":"Es sensacional: Jan Konwerski y Lisa Schreier, alumnos de 11.\u00ba curso del programa \u00abplus-MINT\u00bb del internado Steinm\u00fchle, han conseguido el segundo puesto en el concurso School-Lab del Centro Alem\u00e1n de Aeron\u00e1utica y Astron\u00e1utica (DLR) con su modelo de bomba de calor. \u00abEstamos muy contentos con este gran \u00e9xito\u00bb, comentaron la responsable del proyecto, la Dra. [&hellip;]","og_url":"https:\/\/steinmuehle.de\/es\/blog\/2026\/07\/17\/steinmuehle-quedo-en-segundo-lugar-en-el-concurso-del-centro-aleman-de-aeronautica-y-espacial\/","og_site_name":"Steinm\u00fchle \u2013 Schule &amp; Internat","article_publisher":"https:\/\/www.facebook.com\/steinmuehle\/","article_published_time":"2026-07-17T18:26:53+00:00","article_modified_time":"2026-07-28T21:50:37+00:00","og_image":[{"width":1280,"height":960,"url":"https:\/\/steinmuehle.de\/wp-content\/uploads\/sites\/5\/2026\/07\/2026-06-11_10-59-57_Waermepumpenbau-DLR-Preis-e1784313013345.jpeg","type":"image\/jpeg"}],"author":"Angela","twitter_card":"summary_large_image","twitter_misc":{"Escrito por":"Angela","Tiempo de lectura":"2 minutos"},"schema":{"@context":"https:\/\/schema.org","@graph":[{"@type":"Article","@id":"https:\/\/steinmuehle.de\/es\/blog\/2026\/07\/17\/steinmuehle-quedo-en-segundo-lugar-en-el-concurso-del-centro-aleman-de-aeronautica-y-espacial\/#article","isPartOf":{"@id":"https:\/\/steinmuehle.de\/es\/blog\/2026\/07\/17\/steinmuehle-quedo-en-segundo-lugar-en-el-concurso-del-centro-aleman-de-aeronautica-y-espacial\/"},"author":{"name":"Angela","@id":"https:\/\/steinmuehle.de\/es\/#\/schema\/person\/16dc40a7fc9b759e1279be97ac570529"},"headline":"Steinm\u00fchle qued\u00f3 en segundo lugar en el concurso del Centro Alem\u00e1n de Aeron\u00e1utica y Espacial","datePublished":"2026-07-17T18:26:53+00:00","dateModified":"2026-07-28T21:50:37+00:00","mainEntityOfPage":{"@id":"https:\/\/steinmuehle.de\/es\/blog\/2026\/07\/17\/steinmuehle-quedo-en-segundo-lugar-en-el-concurso-del-centro-aleman-de-aeronautica-y-espacial\/"},"wordCount":402,"publisher":{"@id":"https:\/\/steinmuehle.de\/es\/#organization"},"image":{"@id":"https:\/\/steinmuehle.de\/es\/blog\/2026\/07\/17\/steinmuehle-quedo-en-segundo-lugar-en-el-concurso-del-centro-aleman-de-aeronautica-y-espacial\/#primaryimage"},"thumbnailUrl":"https:\/\/steinmuehle.de\/wp-content\/uploads\/sites\/5\/2026\/07\/2026-06-11_10-59-57_Waermepumpenbau-DLR-Preis-e1784313013345.jpeg","articleSection":["Concursos y premios","Fomento del talento","MINT","Noticias"],"inLanguage":"es"},{"@type":"WebPage","@id":"https:\/\/steinmuehle.de\/es\/blog\/2026\/07\/17\/steinmuehle-quedo-en-segundo-lugar-en-el-concurso-del-centro-aleman-de-aeronautica-y-espacial\/","url":"https:\/\/steinmuehle.de\/es\/blog\/2026\/07\/17\/steinmuehle-quedo-en-segundo-lugar-en-el-concurso-del-centro-aleman-de-aeronautica-y-espacial\/","name":"Steinm\u00fchle qued\u00f3 en segundo lugar en el concurso del Centro Alem\u00e1n de Aeron\u00e1utica y Espacial - Steinm\u00fchle \u2013 Schule &amp; Internat","isPartOf":{"@id":"https:\/\/steinmuehle.de\/es\/#website"},"primaryImageOfPage":{"@id":"https:\/\/steinmuehle.de\/es\/blog\/2026\/07\/17\/steinmuehle-quedo-en-segundo-lugar-en-el-concurso-del-centro-aleman-de-aeronautica-y-espacial\/#primaryimage"},"image":{"@id":"https:\/\/steinmuehle.de\/es\/blog\/2026\/07\/17\/steinmuehle-quedo-en-segundo-lugar-en-el-concurso-del-centro-aleman-de-aeronautica-y-espacial\/#primaryimage"},"thumbnailUrl":"https:\/\/steinmuehle.de\/wp-content\/uploads\/sites\/5\/2026\/07\/2026-06-11_10-59-57_Waermepumpenbau-DLR-Preis-e1784313013345.jpeg","datePublished":"2026-07-17T18:26:53+00:00","dateModified":"2026-07-28T21:50:37+00:00","breadcrumb":{"@id":"https:\/\/steinmuehle.de\/es\/blog\/2026\/07\/17\/steinmuehle-quedo-en-segundo-lugar-en-el-concurso-del-centro-aleman-de-aeronautica-y-espacial\/#breadcrumb"},"inLanguage":"es","potentialAction":[{"@type":"ReadAction","target":["https:\/\/steinmuehle.de\/es\/blog\/2026\/07\/17\/steinmuehle-quedo-en-segundo-lugar-en-el-concurso-del-centro-aleman-de-aeronautica-y-espacial\/"]}]},{"@type":"ImageObject","inLanguage":"es","@id":"https:\/\/steinmuehle.de\/es\/blog\/2026\/07\/17\/steinmuehle-quedo-en-segundo-lugar-en-el-concurso-del-centro-aleman-de-aeronautica-y-espacial\/#primaryimage","url":"https:\/\/steinmuehle.de\/wp-content\/uploads\/sites\/5\/2026\/07\/2026-06-11_10-59-57_Waermepumpenbau-DLR-Preis-e1784313013345.jpeg","contentUrl":"https:\/\/steinmuehle.de\/wp-content\/uploads\/sites\/5\/2026\/07\/2026-06-11_10-59-57_Waermepumpenbau-DLR-Preis-e1784313013345.jpeg","width":1280,"height":960},{"@type":"BreadcrumbList","@id":"https:\/\/steinmuehle.de\/es\/blog\/2026\/07\/17\/steinmuehle-quedo-en-segundo-lugar-en-el-concurso-del-centro-aleman-de-aeronautica-y-espacial\/#breadcrumb","itemListElement":[{"@type":"ListItem","position":1,"name":"Empezar","item":"https:\/\/steinmuehle.de\/es\/inicio\/"},{"@type":"ListItem","position":2,"name":"Steinm\u00fchle qued\u00f3 en segundo lugar en el concurso del Centro Alem\u00e1n de Aeron\u00e1utica y Espacial"}]},{"@type":"WebSite","@id":"https:\/\/steinmuehle.de\/es\/#website","url":"https:\/\/steinmuehle.de\/es\/","name":"Steinm\u00fchle \u2013 Schule & Internat","description":"","publisher":{"@id":"https:\/\/steinmuehle.de\/es\/#organization"},"potentialAction":[{"@type":"SearchAction","target":{"@type":"EntryPoint","urlTemplate":"https:\/\/steinmuehle.de\/es\/?s={search_term_string}"},"query-input":{"@type":"PropertyValueSpecification","valueRequired":true,"valueName":"search_term_string"}}],"inLanguage":"es"},{"@type":"Organization","@id":"https:\/\/steinmuehle.de\/es\/#organization","name":"Steinm\u00fchle \u2013 Schule & Internat","url":"https:\/\/steinmuehle.de\/es\/","logo":{"@type":"ImageObject","inLanguage":"es","@id":"https:\/\/steinmuehle.de\/es\/#\/schema\/logo\/image\/","url":"https:\/\/steinmuehle.de\/wp-content\/uploads\/sites\/5\/2025\/11\/Logo_SchuleInternat_Steinmuehle_2026_3.png","contentUrl":"https:\/\/steinmuehle.de\/wp-content\/uploads\/sites\/5\/2025\/11\/Logo_SchuleInternat_Steinmuehle_2026_3.png","width":450,"height":165,"caption":"Steinm\u00fchle \u2013 Schule & Internat"},"image":{"@id":"https:\/\/steinmuehle.de\/es\/#\/schema\/logo\/image\/"},"sameAs":["https:\/\/www.facebook.com\/steinmuehle\/","https:\/\/www.instagram.com\/steinmuehle\/","https:\/\/www.linkedin.com\/school\/steinmuehle\/"]},{"@type":"Person","@id":"https:\/\/steinmuehle.de\/es\/#\/schema\/person\/16dc40a7fc9b759e1279be97ac570529","name":"Angela","image":{"@type":"ImageObject","inLanguage":"es","@id":"https:\/\/steinmuehle.de\/wp-content\/uploads\/sites\/5\/avatars\/22\/1781881488-bpfull.jpg","url":"https:\/\/steinmuehle.de\/wp-content\/uploads\/sites\/5\/avatars\/22\/1781881488-bpfull.jpg","contentUrl":"https:\/\/steinmuehle.de\/wp-content\/uploads\/sites\/5\/avatars\/22\/1781881488-bpfull.jpg","caption":"Angela"},"url":"https:\/\/steinmuehle.de\/es\/blog\/author\/aheinemann\/"}]}},"_links":{"self":[{"href":"https:\/\/steinmuehle.de\/es\/wp-json\/wp\/v2\/posts\/86200","targetHints":{"allow":["GET"]}}],"collection":[{"href":"https:\/\/steinmuehle.de\/es\/wp-json\/wp\/v2\/posts"}],"about":[{"href":"https:\/\/steinmuehle.de\/es\/wp-json\/wp\/v2\/types\/post"}],"author":[{"embeddable":true,"href":"https:\/\/steinmuehle.de\/es\/wp-json\/wp\/v2\/users\/22"}],"replies":[{"embeddable":true,"href":"https:\/\/steinmuehle.de\/es\/wp-json\/wp\/v2\/comments?post=86200"}],"version-history":[{"count":2,"href":"https:\/\/steinmuehle.de\/es\/wp-json\/wp\/v2\/posts\/86200\/revisions"}],"predecessor-version":[{"id":89997,"href":"https:\/\/steinmuehle.de\/es\/wp-json\/wp\/v2\/posts\/86200\/revisions\/89997"}],"wp:featuredmedia":[{"embeddable":true,"href":"https:\/\/steinmuehle.de\/es\/wp-json\/wp\/v2\/media\/86207"}],"wp:attachment":[{"href":"https:\/\/steinmuehle.de\/es\/wp-json\/wp\/v2\/media?parent=86200"}],"wp:term":[{"taxonomy":"category","embeddable":true,"href":"https:\/\/steinmuehle.de\/es\/wp-json\/wp\/v2\/categories?post=86200"},{"taxonomy":"post_tag","embeddable":true,"href":"https:\/\/steinmuehle.de\/es\/wp-json\/wp\/v2\/tags?post=86200"}],"curies":[{"name":"wp","href":"https:\/\/api.w.org\/{rel}","templated":true}]}}