{"id":50785,"date":"2024-12-19T19:20:08","date_gmt":"2024-12-19T18:20:08","guid":{"rendered":"https:\/\/test.steinmuehle.de\/blog\/2024\/12\/19\/reconocimiento-por-la-dedicacion-al-huerto-escolar-de-steinmuehle\/"},"modified":"2024-12-19T19:20:08","modified_gmt":"2024-12-19T18:20:08","slug":"reconocimiento-por-la-dedicacion-al-huerto-escolar-de-steinmuehle","status":"publish","type":"post","link":"https:\/\/steinmuehle.de\/es\/blog\/2024\/12\/19\/reconocimiento-por-la-dedicacion-al-huerto-escolar-de-steinmuehle\/","title":{"rendered":"Reconocimiento por la dedicaci\u00f3n al huerto escolar de Steinm\u00fchle"},"content":{"rendered":"<p>Buenas noticias para fin de a\u00f1o: en la campa\u00f1a de huertos escolares de 2024 de la revista \u00abMein kleiner sch\u00f6ner Garten\u00bb, de la editorial Burda de Offenburg, el equipo de la profesora Mar\u00eda Ramos ha ganado un lote gourmet valorado en 50 euros de la marca TressBr\u00fcder. El director Bj\u00f6rn Gemmer felicit\u00f3 por este premio y por el diploma correspondiente, con el que se han reconocido el inter\u00e9s y la creatividad, y le dio las gracias a Mar\u00eda Ramos por su compromiso constante con el tema de la jardiner\u00eda y por participar en el concurso. <\/p>\n<p>De hecho, \u00a1todos estamos deseando ver qu\u00e9 volver\u00e1 a crecer, prosperar y florecer en la Steinm\u00fchle esta primavera y este verano!<\/p>\n<p>&nbsp;<\/p>\n<p><img loading=\"lazy\" decoding=\"async\" class=\"wp-image-34355 size-large\" src=\"https:\/\/steinmuehle.de\/wp-content\/uploads\/2024\/12\/IMG_4960-683x1030.jpg\" alt=\"\" width=\"683\" height=\"1030\"><\/p>\n<p>&nbsp;<\/p>\n","protected":false},"excerpt":{"rendered":"<p>Buenas noticias para fin de a\u00f1o: en la campa\u00f1a de huertos escolares de 2024 de la revista \u00abMein kleiner sch\u00f6ner Garten\u00bb, de la editorial Burda de Offenburg, el equipo de la profesora Mar\u00eda Ramos ha ganado un lote gourmet valorado en 50 euros de la marca TressBr\u00fcder. El director Bj\u00f6rn Gemmer felicit\u00f3 por este premio [&hellip;]<\/p>\n","protected":false},"author":22,"featured_media":50786,"comment_status":"closed","ping_status":"closed","sticky":false,"template":"","format":"standard","meta":{"_acf_changed":false,"footnotes":""},"categories":[145,144,180,143],"tags":[],"class_list":["post-50785","post","type-post","status-publish","format-standard","has-post-thumbnail","hentry","category-concursos-y-premios","category-deporte-y-salud","category-ecologia-y-sostenibilidad","category-noticias"],"acf":[],"yoast_head":"<!-- This site is optimized with the Yoast SEO Premium plugin v28.1 (Yoast SEO v28.3) - https:\/\/yoast.com\/product\/yoast-seo-premium-wordpress\/ -->\n<title>Reconocimiento por la dedicaci\u00f3n al huerto escolar de Steinm\u00fchle - Steinm\u00fchle \u2013 Schule &amp; Internat<\/title>\n<meta name=\"robots\" content=\"index, follow, max-snippet:-1, max-image-preview:large, max-video-preview:-1\" \/>\n<link rel=\"canonical\" href=\"https:\/\/steinmuehle.de\/es\/blog\/2024\/12\/19\/reconocimiento-por-la-dedicacion-al-huerto-escolar-de-steinmuehle\/\" \/>\n<meta property=\"og:locale\" content=\"es_ES\" \/>\n<meta property=\"og:type\" content=\"article\" \/>\n<meta property=\"og:title\" content=\"Reconocimiento por la dedicaci\u00f3n al huerto escolar de Steinm\u00fchle\" \/>\n<meta property=\"og:description\" content=\"Buenas noticias para fin de a\u00f1o: en la campa\u00f1a de huertos escolares de 2024 de la revista \u00abMein kleiner sch\u00f6ner Garten\u00bb, de la editorial Burda de Offenburg, el equipo de la profesora Mar\u00eda Ramos ha ganado un lote gourmet valorado en 50 euros de la marca TressBr\u00fcder. El director Bj\u00f6rn Gemmer felicit\u00f3 por este premio [&hellip;]\" \/>\n<meta property=\"og:url\" content=\"https:\/\/steinmuehle.de\/es\/blog\/2024\/12\/19\/reconocimiento-por-la-dedicacion-al-huerto-escolar-de-steinmuehle\/\" \/>\n<meta property=\"og:site_name\" content=\"Steinm\u00fchle \u2013 Schule &amp; Internat\" \/>\n<meta property=\"article:publisher\" content=\"https:\/\/www.facebook.com\/steinmuehle\/\" \/>\n<meta property=\"article:published_time\" content=\"2024-12-19T18:20:08+00:00\" \/>\n<meta property=\"og:image\" content=\"https:\/\/steinmuehle.de\/wp-content\/uploads\/sites\/5\/2024\/12\/IMG_4960-e1734892110660.jpg\" \/>\n\t<meta property=\"og:image:width\" content=\"1170\" \/>\n\t<meta property=\"og:image:height\" content=\"753\" \/>\n\t<meta property=\"og:image:type\" content=\"image\/jpeg\" \/>\n<meta name=\"author\" content=\"Angela\" \/>\n<meta name=\"twitter:card\" content=\"summary_large_image\" \/>\n<meta name=\"twitter:label1\" content=\"Escrito por\" \/>\n\t<meta name=\"twitter:data1\" content=\"Angela\" \/>\n\t<meta name=\"twitter:label2\" content=\"Tiempo de lectura\" \/>\n\t<meta name=\"twitter:data2\" content=\"1 minuto\" \/>\n<script type=\"application\/ld+json\" class=\"yoast-schema-graph\">{\"@context\":\"https:\\\/\\\/schema.org\",\"@graph\":[{\"@type\":\"Article\",\"@id\":\"https:\\\/\\\/steinmuehle.de\\\/es\\\/blog\\\/2024\\\/12\\\/19\\\/reconocimiento-por-la-dedicacion-al-huerto-escolar-de-steinmuehle\\\/#article\",\"isPartOf\":{\"@id\":\"https:\\\/\\\/steinmuehle.de\\\/es\\\/blog\\\/2024\\\/12\\\/19\\\/reconocimiento-por-la-dedicacion-al-huerto-escolar-de-steinmuehle\\\/\"},\"author\":{\"name\":\"Angela\",\"@id\":\"https:\\\/\\\/steinmuehle.de\\\/es\\\/#\\\/schema\\\/person\\\/db22c3de9d446bd4caafaae7dede9f18\"},\"headline\":\"Reconocimiento por la dedicaci\u00f3n al huerto escolar de Steinm\u00fchle\",\"datePublished\":\"2024-12-19T18:20:08+00:00\",\"mainEntityOfPage\":{\"@id\":\"https:\\\/\\\/steinmuehle.de\\\/es\\\/blog\\\/2024\\\/12\\\/19\\\/reconocimiento-por-la-dedicacion-al-huerto-escolar-de-steinmuehle\\\/\"},\"wordCount\":137,\"publisher\":{\"@id\":\"https:\\\/\\\/steinmuehle.de\\\/es\\\/#organization\"},\"image\":{\"@id\":\"https:\\\/\\\/steinmuehle.de\\\/es\\\/blog\\\/2024\\\/12\\\/19\\\/reconocimiento-por-la-dedicacion-al-huerto-escolar-de-steinmuehle\\\/#primaryimage\"},\"thumbnailUrl\":\"https:\\\/\\\/steinmuehle.de\\\/wp-content\\\/uploads\\\/sites\\\/5\\\/2024\\\/12\\\/IMG_4960-e1734892110660.jpg\",\"articleSection\":[\"Concursos y premios\",\"Deporte y salud\",\"Ecolog\u00eda y sostenibilidad\",\"Noticias\"],\"inLanguage\":\"es\"},{\"@type\":\"WebPage\",\"@id\":\"https:\\\/\\\/steinmuehle.de\\\/es\\\/blog\\\/2024\\\/12\\\/19\\\/reconocimiento-por-la-dedicacion-al-huerto-escolar-de-steinmuehle\\\/\",\"url\":\"https:\\\/\\\/steinmuehle.de\\\/es\\\/blog\\\/2024\\\/12\\\/19\\\/reconocimiento-por-la-dedicacion-al-huerto-escolar-de-steinmuehle\\\/\",\"name\":\"Reconocimiento por la dedicaci\u00f3n al huerto escolar de Steinm\u00fchle - Steinm\u00fchle \u2013 Schule &amp; Internat\",\"isPartOf\":{\"@id\":\"https:\\\/\\\/steinmuehle.de\\\/es\\\/#website\"},\"primaryImageOfPage\":{\"@id\":\"https:\\\/\\\/steinmuehle.de\\\/es\\\/blog\\\/2024\\\/12\\\/19\\\/reconocimiento-por-la-dedicacion-al-huerto-escolar-de-steinmuehle\\\/#primaryimage\"},\"image\":{\"@id\":\"https:\\\/\\\/steinmuehle.de\\\/es\\\/blog\\\/2024\\\/12\\\/19\\\/reconocimiento-por-la-dedicacion-al-huerto-escolar-de-steinmuehle\\\/#primaryimage\"},\"thumbnailUrl\":\"https:\\\/\\\/steinmuehle.de\\\/wp-content\\\/uploads\\\/sites\\\/5\\\/2024\\\/12\\\/IMG_4960-e1734892110660.jpg\",\"datePublished\":\"2024-12-19T18:20:08+00:00\",\"breadcrumb\":{\"@id\":\"https:\\\/\\\/steinmuehle.de\\\/es\\\/blog\\\/2024\\\/12\\\/19\\\/reconocimiento-por-la-dedicacion-al-huerto-escolar-de-steinmuehle\\\/#breadcrumb\"},\"inLanguage\":\"es\",\"potentialAction\":[{\"@type\":\"ReadAction\",\"target\":[\"https:\\\/\\\/steinmuehle.de\\\/es\\\/blog\\\/2024\\\/12\\\/19\\\/reconocimiento-por-la-dedicacion-al-huerto-escolar-de-steinmuehle\\\/\"]}]},{\"@type\":\"ImageObject\",\"inLanguage\":\"es\",\"@id\":\"https:\\\/\\\/steinmuehle.de\\\/es\\\/blog\\\/2024\\\/12\\\/19\\\/reconocimiento-por-la-dedicacion-al-huerto-escolar-de-steinmuehle\\\/#primaryimage\",\"url\":\"https:\\\/\\\/steinmuehle.de\\\/wp-content\\\/uploads\\\/sites\\\/5\\\/2024\\\/12\\\/IMG_4960-e1734892110660.jpg\",\"contentUrl\":\"https:\\\/\\\/steinmuehle.de\\\/wp-content\\\/uploads\\\/sites\\\/5\\\/2024\\\/12\\\/IMG_4960-e1734892110660.jpg\",\"width\":1170,\"height\":753,\"caption\":\"Screenshot\"},{\"@type\":\"BreadcrumbList\",\"@id\":\"https:\\\/\\\/steinmuehle.de\\\/es\\\/blog\\\/2024\\\/12\\\/19\\\/reconocimiento-por-la-dedicacion-al-huerto-escolar-de-steinmuehle\\\/#breadcrumb\",\"itemListElement\":[{\"@type\":\"ListItem\",\"position\":1,\"name\":\"Start\",\"item\":\"https:\\\/\\\/steinmuehle.de\\\/es\\\/inicio\\\/\"},{\"@type\":\"ListItem\",\"position\":2,\"name\":\"Reconocimiento por la dedicaci\u00f3n al huerto escolar de Steinm\u00fchle\"}]},{\"@type\":\"WebSite\",\"@id\":\"https:\\\/\\\/steinmuehle.de\\\/es\\\/#website\",\"url\":\"https:\\\/\\\/steinmuehle.de\\\/es\\\/\",\"name\":\"Steinm\u00fchle \u2013 Schule & Internat\",\"description\":\"\",\"publisher\":{\"@id\":\"https:\\\/\\\/steinmuehle.de\\\/es\\\/#organization\"},\"potentialAction\":[{\"@type\":\"SearchAction\",\"target\":{\"@type\":\"EntryPoint\",\"urlTemplate\":\"https:\\\/\\\/steinmuehle.de\\\/es\\\/?s={search_term_string}\"},\"query-input\":{\"@type\":\"PropertyValueSpecification\",\"valueRequired\":true,\"valueName\":\"search_term_string\"}}],\"inLanguage\":\"es\"},{\"@type\":\"Organization\",\"@id\":\"https:\\\/\\\/steinmuehle.de\\\/es\\\/#organization\",\"name\":\"Steinm\u00fchle \u2013 Schule & Internat\",\"url\":\"https:\\\/\\\/steinmuehle.de\\\/es\\\/\",\"logo\":{\"@type\":\"ImageObject\",\"inLanguage\":\"es\",\"@id\":\"https:\\\/\\\/steinmuehle.de\\\/es\\\/#\\\/schema\\\/logo\\\/image\\\/\",\"url\":\"https:\\\/\\\/steinmuehle.de\\\/wp-content\\\/uploads\\\/sites\\\/5\\\/2025\\\/11\\\/Logo_SchuleInternat_Steinmuehle_2026_3.png\",\"contentUrl\":\"https:\\\/\\\/steinmuehle.de\\\/wp-content\\\/uploads\\\/sites\\\/5\\\/2025\\\/11\\\/Logo_SchuleInternat_Steinmuehle_2026_3.png\",\"width\":450,\"height\":165,\"caption\":\"Steinm\u00fchle \u2013 Schule & Internat\"},\"image\":{\"@id\":\"https:\\\/\\\/steinmuehle.de\\\/es\\\/#\\\/schema\\\/logo\\\/image\\\/\"},\"sameAs\":[\"https:\\\/\\\/www.facebook.com\\\/steinmuehle\\\/\",\"https:\\\/\\\/www.instagram.com\\\/steinmuehle\\\/\",\"https:\\\/\\\/www.linkedin.com\\\/school\\\/steinmuehle\\\/\"]},{\"@type\":\"Person\",\"@id\":\"https:\\\/\\\/steinmuehle.de\\\/es\\\/#\\\/schema\\\/person\\\/db22c3de9d446bd4caafaae7dede9f18\",\"name\":\"Angela\",\"image\":{\"@type\":\"ImageObject\",\"inLanguage\":\"es\",\"@id\":\"https:\\\/\\\/steinmuehle.de\\\/wp-content\\\/uploads\\\/sites\\\/5\\\/avatars\\\/22\\\/1781881488-bpfull.jpg\",\"url\":\"https:\\\/\\\/steinmuehle.de\\\/wp-content\\\/uploads\\\/sites\\\/5\\\/avatars\\\/22\\\/1781881488-bpfull.jpg\",\"contentUrl\":\"https:\\\/\\\/steinmuehle.de\\\/wp-content\\\/uploads\\\/sites\\\/5\\\/avatars\\\/22\\\/1781881488-bpfull.jpg\",\"caption\":\"Angela\"},\"url\":\"https:\\\/\\\/steinmuehle.de\\\/es\\\/blog\\\/author\\\/aheinemann\\\/\"}]}<\/script>\n<!-- \/ Yoast SEO Premium plugin. -->","yoast_head_json":{"title":"Reconocimiento por la dedicaci\u00f3n al huerto escolar de Steinm\u00fchle - Steinm\u00fchle \u2013 Schule &amp; Internat","robots":{"index":"index","follow":"follow","max-snippet":"max-snippet:-1","max-image-preview":"max-image-preview:large","max-video-preview":"max-video-preview:-1"},"canonical":"https:\/\/steinmuehle.de\/es\/blog\/2024\/12\/19\/reconocimiento-por-la-dedicacion-al-huerto-escolar-de-steinmuehle\/","og_locale":"es_ES","og_type":"article","og_title":"Reconocimiento por la dedicaci\u00f3n al huerto escolar de Steinm\u00fchle","og_description":"Buenas noticias para fin de a\u00f1o: en la campa\u00f1a de huertos escolares de 2024 de la revista \u00abMein kleiner sch\u00f6ner Garten\u00bb, de la editorial Burda de Offenburg, el equipo de la profesora Mar\u00eda Ramos ha ganado un lote gourmet valorado en 50 euros de la marca TressBr\u00fcder. El director Bj\u00f6rn Gemmer felicit\u00f3 por este premio [&hellip;]","og_url":"https:\/\/steinmuehle.de\/es\/blog\/2024\/12\/19\/reconocimiento-por-la-dedicacion-al-huerto-escolar-de-steinmuehle\/","og_site_name":"Steinm\u00fchle \u2013 Schule &amp; Internat","article_publisher":"https:\/\/www.facebook.com\/steinmuehle\/","article_published_time":"2024-12-19T18:20:08+00:00","og_image":[{"width":1170,"height":753,"url":"https:\/\/steinmuehle.de\/wp-content\/uploads\/sites\/5\/2024\/12\/IMG_4960-e1734892110660.jpg","type":"image\/jpeg"}],"author":"Angela","twitter_card":"summary_large_image","twitter_misc":{"Escrito por":"Angela","Tiempo de lectura":"1 minuto"},"schema":{"@context":"https:\/\/schema.org","@graph":[{"@type":"Article","@id":"https:\/\/steinmuehle.de\/es\/blog\/2024\/12\/19\/reconocimiento-por-la-dedicacion-al-huerto-escolar-de-steinmuehle\/#article","isPartOf":{"@id":"https:\/\/steinmuehle.de\/es\/blog\/2024\/12\/19\/reconocimiento-por-la-dedicacion-al-huerto-escolar-de-steinmuehle\/"},"author":{"name":"Angela","@id":"https:\/\/steinmuehle.de\/es\/#\/schema\/person\/db22c3de9d446bd4caafaae7dede9f18"},"headline":"Reconocimiento por la dedicaci\u00f3n al huerto escolar de Steinm\u00fchle","datePublished":"2024-12-19T18:20:08+00:00","mainEntityOfPage":{"@id":"https:\/\/steinmuehle.de\/es\/blog\/2024\/12\/19\/reconocimiento-por-la-dedicacion-al-huerto-escolar-de-steinmuehle\/"},"wordCount":137,"publisher":{"@id":"https:\/\/steinmuehle.de\/es\/#organization"},"image":{"@id":"https:\/\/steinmuehle.de\/es\/blog\/2024\/12\/19\/reconocimiento-por-la-dedicacion-al-huerto-escolar-de-steinmuehle\/#primaryimage"},"thumbnailUrl":"https:\/\/steinmuehle.de\/wp-content\/uploads\/sites\/5\/2024\/12\/IMG_4960-e1734892110660.jpg","articleSection":["Concursos y premios","Deporte y salud","Ecolog\u00eda y sostenibilidad","Noticias"],"inLanguage":"es"},{"@type":"WebPage","@id":"https:\/\/steinmuehle.de\/es\/blog\/2024\/12\/19\/reconocimiento-por-la-dedicacion-al-huerto-escolar-de-steinmuehle\/","url":"https:\/\/steinmuehle.de\/es\/blog\/2024\/12\/19\/reconocimiento-por-la-dedicacion-al-huerto-escolar-de-steinmuehle\/","name":"Reconocimiento por la dedicaci\u00f3n al huerto escolar de Steinm\u00fchle - Steinm\u00fchle \u2013 Schule &amp; Internat","isPartOf":{"@id":"https:\/\/steinmuehle.de\/es\/#website"},"primaryImageOfPage":{"@id":"https:\/\/steinmuehle.de\/es\/blog\/2024\/12\/19\/reconocimiento-por-la-dedicacion-al-huerto-escolar-de-steinmuehle\/#primaryimage"},"image":{"@id":"https:\/\/steinmuehle.de\/es\/blog\/2024\/12\/19\/reconocimiento-por-la-dedicacion-al-huerto-escolar-de-steinmuehle\/#primaryimage"},"thumbnailUrl":"https:\/\/steinmuehle.de\/wp-content\/uploads\/sites\/5\/2024\/12\/IMG_4960-e1734892110660.jpg","datePublished":"2024-12-19T18:20:08+00:00","breadcrumb":{"@id":"https:\/\/steinmuehle.de\/es\/blog\/2024\/12\/19\/reconocimiento-por-la-dedicacion-al-huerto-escolar-de-steinmuehle\/#breadcrumb"},"inLanguage":"es","potentialAction":[{"@type":"ReadAction","target":["https:\/\/steinmuehle.de\/es\/blog\/2024\/12\/19\/reconocimiento-por-la-dedicacion-al-huerto-escolar-de-steinmuehle\/"]}]},{"@type":"ImageObject","inLanguage":"es","@id":"https:\/\/steinmuehle.de\/es\/blog\/2024\/12\/19\/reconocimiento-por-la-dedicacion-al-huerto-escolar-de-steinmuehle\/#primaryimage","url":"https:\/\/steinmuehle.de\/wp-content\/uploads\/sites\/5\/2024\/12\/IMG_4960-e1734892110660.jpg","contentUrl":"https:\/\/steinmuehle.de\/wp-content\/uploads\/sites\/5\/2024\/12\/IMG_4960-e1734892110660.jpg","width":1170,"height":753,"caption":"Screenshot"},{"@type":"BreadcrumbList","@id":"https:\/\/steinmuehle.de\/es\/blog\/2024\/12\/19\/reconocimiento-por-la-dedicacion-al-huerto-escolar-de-steinmuehle\/#breadcrumb","itemListElement":[{"@type":"ListItem","position":1,"name":"Start","item":"https:\/\/steinmuehle.de\/es\/inicio\/"},{"@type":"ListItem","position":2,"name":"Reconocimiento por la dedicaci\u00f3n al huerto escolar de Steinm\u00fchle"}]},{"@type":"WebSite","@id":"https:\/\/steinmuehle.de\/es\/#website","url":"https:\/\/steinmuehle.de\/es\/","name":"Steinm\u00fchle \u2013 Schule & Internat","description":"","publisher":{"@id":"https:\/\/steinmuehle.de\/es\/#organization"},"potentialAction":[{"@type":"SearchAction","target":{"@type":"EntryPoint","urlTemplate":"https:\/\/steinmuehle.de\/es\/?s={search_term_string}"},"query-input":{"@type":"PropertyValueSpecification","valueRequired":true,"valueName":"search_term_string"}}],"inLanguage":"es"},{"@type":"Organization","@id":"https:\/\/steinmuehle.de\/es\/#organization","name":"Steinm\u00fchle \u2013 Schule & Internat","url":"https:\/\/steinmuehle.de\/es\/","logo":{"@type":"ImageObject","inLanguage":"es","@id":"https:\/\/steinmuehle.de\/es\/#\/schema\/logo\/image\/","url":"https:\/\/steinmuehle.de\/wp-content\/uploads\/sites\/5\/2025\/11\/Logo_SchuleInternat_Steinmuehle_2026_3.png","contentUrl":"https:\/\/steinmuehle.de\/wp-content\/uploads\/sites\/5\/2025\/11\/Logo_SchuleInternat_Steinmuehle_2026_3.png","width":450,"height":165,"caption":"Steinm\u00fchle \u2013 Schule & Internat"},"image":{"@id":"https:\/\/steinmuehle.de\/es\/#\/schema\/logo\/image\/"},"sameAs":["https:\/\/www.facebook.com\/steinmuehle\/","https:\/\/www.instagram.com\/steinmuehle\/","https:\/\/www.linkedin.com\/school\/steinmuehle\/"]},{"@type":"Person","@id":"https:\/\/steinmuehle.de\/es\/#\/schema\/person\/db22c3de9d446bd4caafaae7dede9f18","name":"Angela","image":{"@type":"ImageObject","inLanguage":"es","@id":"https:\/\/steinmuehle.de\/wp-content\/uploads\/sites\/5\/avatars\/22\/1781881488-bpfull.jpg","url":"https:\/\/steinmuehle.de\/wp-content\/uploads\/sites\/5\/avatars\/22\/1781881488-bpfull.jpg","contentUrl":"https:\/\/steinmuehle.de\/wp-content\/uploads\/sites\/5\/avatars\/22\/1781881488-bpfull.jpg","caption":"Angela"},"url":"https:\/\/steinmuehle.de\/es\/blog\/author\/aheinemann\/"}]}},"_links":{"self":[{"href":"https:\/\/steinmuehle.de\/es\/wp-json\/wp\/v2\/posts\/50785","targetHints":{"allow":["GET"]}}],"collection":[{"href":"https:\/\/steinmuehle.de\/es\/wp-json\/wp\/v2\/posts"}],"about":[{"href":"https:\/\/steinmuehle.de\/es\/wp-json\/wp\/v2\/types\/post"}],"author":[{"embeddable":true,"href":"https:\/\/steinmuehle.de\/es\/wp-json\/wp\/v2\/users\/22"}],"replies":[{"embeddable":true,"href":"https:\/\/steinmuehle.de\/es\/wp-json\/wp\/v2\/comments?post=50785"}],"version-history":[{"count":0,"href":"https:\/\/steinmuehle.de\/es\/wp-json\/wp\/v2\/posts\/50785\/revisions"}],"wp:featuredmedia":[{"embeddable":true,"href":"https:\/\/steinmuehle.de\/es\/wp-json\/wp\/v2\/media\/50786"}],"wp:attachment":[{"href":"https:\/\/steinmuehle.de\/es\/wp-json\/wp\/v2\/media?parent=50785"}],"wp:term":[{"taxonomy":"category","embeddable":true,"href":"https:\/\/steinmuehle.de\/es\/wp-json\/wp\/v2\/categories?post=50785"},{"taxonomy":"post_tag","embeddable":true,"href":"https:\/\/steinmuehle.de\/es\/wp-json\/wp\/v2\/tags?post=50785"}],"curies":[{"name":"wp","href":"https:\/\/api.w.org\/{rel}","templated":true}]}}